{"id":16666,"date":"2025-07-13T09:15:22","date_gmt":"2025-07-13T13:15:22","guid":{"rendered":"https:\/\/agromt.news\/?p=16666"},"modified":"2025-07-13T09:15:22","modified_gmt":"2025-07-13T13:15:22","slug":"setores-do-parana-temem-prejuizo-com-tarifa-dos-eua","status":"publish","type":"post","link":"https:\/\/agromt.news\/?p=16666","title":{"rendered":"Setores do Paran\u00e1 temem preju\u00edzo com tarifa dos EUA"},"content":{"rendered":"<p> <br \/>\n<\/p>\n<div>\n<p style=\"text-align:justify\">A Federa\u00e7\u00e3o da Agricultura do Estado do Paran\u00e1 (FAEP) emitiu nota t\u00e9cnica nesta semana manifestando preocupa\u00e7\u00e3o com a tarifa de 50% que ser\u00e1 aplicada pelos Estados Unidos a todos os produtos brasileiros a partir de 1\u00ba de agosto de 2025. A entidade afirma que a medida representa \u201cum cen\u00e1rio de profunda preocupa\u00e7\u00e3o para a economia do Paran\u00e1\u201d.&#13;\n<\/p>\n<p style=\"text-align:justify\">De acordo com a FAEP, os Estados Unidos consolidaram-se como o segundo principal parceiro comercial do estado, com exporta\u00e7\u00f5es que somaram US$ 1,587 bilh\u00e3o em 2024. &#8220;Essa medida unilateral amea\u00e7a uma rela\u00e7\u00e3o comercial historicamente importante para o Estado, principalmente no que se refere ao setor do agroneg\u00f3cio&#8221;, destacou a entidade.<\/p>\n<p style=\"text-align:justify\">Entre os setores mais expostos ao impacto da tarifa est\u00e3o produtos florestais, <a href=\"https:\/\/www.agrolink.com.br\/culturas\/cafe\/?utm_source=agrolink-detalhe-noticia&amp;utm_medium=detalhe-noticia&amp;utm_campaign=links-internos\" target=\"_blank\" rel=\"noopener\">caf\u00e9<\/a>, couros, pescados e alimentos processados. A FAEP aponta que o aumento no custo de exporta\u00e7\u00e3o pode inviabilizar economicamente a opera\u00e7\u00e3o de muitos desses segmentos. \u201cA an\u00e1lise t\u00e9cnica indica a inviabilidade comercial para muitos desses produtos, o que pode levar a aumento nos custos de produ\u00e7\u00e3o, desemprego e queda nos pre\u00e7os internos\u201d, afirma o documento.&#13;\n<\/p>\n<p style=\"text-align:justify\">No primeiro bimestre de 2025, os Estados Unidos figuraram como o terceiro maior destino das exporta\u00e7\u00f5es paranaenses, com US$ 214,05 milh\u00f5es. Apenas em janeiro, as vendas ao pa\u00eds somaram US$ 94,37 milh\u00f5es. Para a FAEP, essa regularidade confirma que os EUA n\u00e3o s\u00e3o apenas um mercado eventual, mas um elemento estrutural na pauta exportadora do Paran\u00e1.<\/p>\n<p style=\"text-align:justify\">A nota tamb\u00e9m chama aten\u00e7\u00e3o para os efeitos diretos sobre produtos com margens de lucro reduzidas, como o setor de couros, que j\u00e1 enfrentou queda de receita em 2024. \u201cA eleva\u00e7\u00e3o dos custos de exporta\u00e7\u00e3o em 50% significa que os produtos paranaenses se tornariam mais caros para os importadores americanos, resultando em uma perda direta de mercado, e n\u00e3o apenas em uma contra\u00e7\u00e3o tempor\u00e1ria\u201d, ressalta a entidade.&#13;\n<\/p>\n<p style=\"text-align:justify\">Diante do cen\u00e1rio, a FAEP defende uma atua\u00e7\u00e3o diplom\u00e1tica coordenada para tentar reverter ou mitigar os efeitos da medida. \u201cReiteramos o compromisso com um sistema de com\u00e9rcio multilateral justo, n\u00e3o discriminat\u00f3rio, aberto, equitativo e transparente\u201d, conclui o posicionamento.<\/p>\n<\/p><\/div>\n<p><script data-cfasync=\"false\">\n    !function (f, b, e, v, n, t, s) {\n        if (f.fbq) return; n = f.fbq = function () {\n            n.callMethod ?\n                n.callMethod.apply(n, arguments) : n.queue.push(arguments)\n        };\n        if (!f._fbq) f._fbq = n; n.push = n; n.loaded = !0; n.version = '2.0';\n        n.queue = []; t = b.createElement(e); t.async = !0;\n        t.src = v; s = b.getElementsByTagName(e)[0];\n        s.parentNode.insertBefore(t, s)\n    }(window, document, 'script',\n        'https:\/\/connect.facebook.net\/en_US\/fbevents.js');\n    fbq('init', '522546078623747');\n    fbq('track', 'PageView');\n<\/script><br \/>\n<br \/><br \/>\n<br \/><a href=\"https:\/\/www.agrolink.com.br\/noticias\/setores-do-parana-temem-prejuizo-com-tarifa-dos-eua_503832.html\">Source link <\/a><\/p>\n","protected":false},"excerpt":{"rendered":"<p>A Federa\u00e7\u00e3o da Agricultura do Estado do Paran\u00e1 (FAEP) emitiu nota t\u00e9cnica nesta semana manifestando preocupa\u00e7\u00e3o com a tarifa de<\/p>\n","protected":false},"author":1,"featured_media":1623,"comment_status":"open","ping_status":"open","sticky":false,"template":"","format":"standard","meta":{"_monsterinsights_skip_tracking":false,"_monsterinsights_sitenote_active":false,"_monsterinsights_sitenote_note":"","_monsterinsights_sitenote_category":0,"_uf_show_specific_survey":0,"_uf_disable_surveys":false,"footnotes":""},"categories":[8,1,14],"tags":[],"class_list":["post-16666","post","type-post","status-publish","format-standard","has-post-thumbnail","hentry","category-agro","category-news","category-politica-agro"],"_links":{"self":[{"href":"https:\/\/agromt.news\/index.php?rest_route=\/wp\/v2\/posts\/16666"}],"collection":[{"href":"https:\/\/agromt.news\/index.php?rest_route=\/wp\/v2\/posts"}],"about":[{"href":"https:\/\/agromt.news\/index.php?rest_route=\/wp\/v2\/types\/post"}],"author":[{"embeddable":true,"href":"https:\/\/agromt.news\/index.php?rest_route=\/wp\/v2\/users\/1"}],"replies":[{"embeddable":true,"href":"https:\/\/agromt.news\/index.php?rest_route=%2Fwp%2Fv2%2Fcomments&post=16666"}],"version-history":[{"count":0,"href":"https:\/\/agromt.news\/index.php?rest_route=\/wp\/v2\/posts\/16666\/revisions"}],"wp:featuredmedia":[{"embeddable":true,"href":"https:\/\/agromt.news\/index.php?rest_route=\/wp\/v2\/media\/1623"}],"wp:attachment":[{"href":"https:\/\/agromt.news\/index.php?rest_route=%2Fwp%2Fv2%2Fmedia&parent=16666"}],"wp:term":[{"taxonomy":"category","embeddable":true,"href":"https:\/\/agromt.news\/index.php?rest_route=%2Fwp%2Fv2%2Fcategories&post=16666"},{"taxonomy":"post_tag","embeddable":true,"href":"https:\/\/agromt.news\/index.php?rest_route=%2Fwp%2Fv2%2Ftags&post=16666"}],"curies":[{"name":"wp","href":"https:\/\/api.w.org\/{rel}","templated":true}]}}