{"id":16664,"date":"2025-07-13T07:19:12","date_gmt":"2025-07-13T11:19:12","guid":{"rendered":"https:\/\/agromt.news\/?p=16664"},"modified":"2025-07-13T07:19:12","modified_gmt":"2025-07-13T11:19:12","slug":"safra-de-trigo-no-brasil-deve-ser-a-menor-desde-2020","status":"publish","type":"post","link":"https:\/\/agromt.news\/?p=16664","title":{"rendered":"Safra de trigo no Brasil deve ser a menor desde 2020"},"content":{"rendered":"<p> <br \/>\n<\/p>\n<div>\n<div class=\"row\">\n<div class=\"col-lg col-infos mt-0 mt-lg-0\">\n<div class=\"section-sub-title\">\n<p itemprop=\"description\">&#13;<br \/>\n                                Mercado interno poder\u00e1 continuar dependente do trigo importado&#13;\n                            <\/p>\n<\/p><\/div>\n<div class=\"container\">\n<div class=\"row\">\n<div class=\"col-lg p-0\">\n<div>\n<div class=\"block-news-main-infos mt-3 text-start\">\n<p>                                            <strong class=\"fn\" itemprop=\"author\" style=\"color: rgb(112, 112, 112); \">&#13;<br \/>\n                                                <a href=\"https:\/\/www.agrolink.com.br\/noticias\/javascript:;\" class=\"text-uppercase\" target=\"_blank\" style=\"color: rgb(112, 112, 112); \" rel=\"noopener\">Agrolink<\/a>&#13;<br \/>\n&#13;<br \/>\n                                                    &#8211; Aline Merladete&#13;<br \/>\n&#13;<br \/>\n                                            <\/strong><br \/>\n                                        <\/p>\n<p>                                            <abbr><time datetime=\"2025-07-11T11:01\" itemprop=\"datePublished dateModified\">Publicado em 11\/07\/2025 \u00e0s 11:01h.<\/time><\/abbr><br \/>\n                                            <\/p><\/div>\n<\/p><\/div>\n<\/p><\/div>\n<div class=\"col-lg p-0 text-lg-end\">\n<div>\n<div id=\"mdEnviarPagina\" class=\"modal fade\" role=\"dialog\">\n<div class=\"modal-dialog\">\n<div class=\"modal-content\">\n<div class=\"modal-body\">\n<p><strong>Estimado usu\u00e1rio.<\/strong><br \/>Preencha o formul\u00e1rio abaixo para remeter a p\u00e1gina.<\/p>\n<\/p><\/div>\n<\/p><\/div>\n<\/p><\/div>\n<\/div><\/div>\n<\/p><\/div>\n<\/p><\/div>\n<\/p><\/div>\n<\/p><\/div>\n<\/p><\/div>\n<div class=\"row justify-content-md-center mt-3\">\n<div class=\"col-lg-auto col-image block-news-main-image\">\n<p>                                <img decoding=\"async\" src=\"https:\/\/www.agrolink.com.br\/upload\/imagens-resizes\/b6c1994d5b474b608e8ebc09ac3f4581_858x483.jpg\" class=\"lazyload img-fluid\"\/><br \/>\n                                                <span class=\"publicity-photo d-block mt-1\">Foto: Canva<\/span><\/p><\/div>\n<\/p><\/div>\n<div class=\"section-description section-description-noticias mt-3\">\n<p style=\"text-align:justify\">Mesmo com estabilidade nas cota\u00e7\u00f5es, o mercado nacional de <a href=\"https:\/\/www.agrolink.com.br\/culturas\/trigo\/?utm_source=agrolink-detalhe-noticia&amp;utm_medium=detalhe-noticia&amp;utm_campaign=links-internos\" target=\"_blank\" rel=\"noopener\">trigo<\/a> est\u00e1 em alerta. A CEEMA estima que o Brasil dever\u00e1 colher apenas 6,9 milh\u00f5es de toneladas em 2025, uma queda de 10,5% em rela\u00e7\u00e3o \u00e0s previs\u00f5es anteriores. Caso se confirme, ser\u00e1 a menor safra desde 2020, quando o pa\u00eds produziu 6,2 milh\u00f5es de toneladas.&#13;\n<\/p>\n<p style=\"text-align:justify\">A redu\u00e7\u00e3o se deve \u00e0 menor \u00e1rea semeada e aos impactos das geadas, especialmente no Paran\u00e1. O estado j\u00e1 concluiu a semeadura, enquanto o Rio Grande do Sul tem entre 70% e 80% da \u00e1rea plantada. Os pre\u00e7os, por sua vez, seguem firmes: R$ 70,00\/saca no RS e R$ 78,00\/saca no PR, com demanda sustentada por um volume crescente de importa\u00e7\u00f5es.&#13;\n<\/p>\n<p style=\"text-align:justify\">Somente em junho, o Brasil importou 487.040 toneladas de trigo, sendo 94,1% da Argentina e 5,9% do Paraguai. No acumulado do semestre, foram 3,58 milh\u00f5es de toneladas, um crescimento de 6,3% sobre 2024.<\/p>\n<p style=\"text-align:justify\">A CEEMA alerta que o mercado interno poder\u00e1 continuar dependente do trigo importado, diante da quebra na produ\u00e7\u00e3o nacional e da manuten\u00e7\u00e3o dos pre\u00e7os internacionais relativamente competitivos.<\/p>\n<\/p><\/div>\n<\/p><\/div>\n<p><script data-cfasync=\"false\">\n    !function (f, b, e, v, n, t, s) {\n        if (f.fbq) return; n = f.fbq = function () {\n            n.callMethod ?\n                n.callMethod.apply(n, arguments) : n.queue.push(arguments)\n        };\n        if (!f._fbq) f._fbq = n; n.push = n; n.loaded = !0; n.version = '2.0';\n        n.queue = []; t = b.createElement(e); t.async = !0;\n        t.src = v; s = b.getElementsByTagName(e)[0];\n        s.parentNode.insertBefore(t, s)\n    }(window, document, 'script',\n        'https:\/\/connect.facebook.net\/en_US\/fbevents.js');\n    fbq('init', '522546078623747');\n    fbq('track', 'PageView');\n<\/script><br \/>\n<br \/><br \/>\n<br \/><a href=\"https:\/\/www.agrolink.com.br\/noticias\/safra-de-trigo-no-brasil-deve-ser-a-menor-desde-2020_503833.html\">Source link <\/a><\/p>\n","protected":false},"excerpt":{"rendered":"<p>&#13; Mercado interno poder\u00e1 continuar dependente do trigo importado&#13; &#13; Agrolink&#13; &#13; &#8211; Aline Merladete&#13; &#13; Publicado em 11\/07\/2025 \u00e0s<\/p>\n","protected":false},"author":1,"featured_media":16665,"comment_status":"open","ping_status":"open","sticky":false,"template":"","format":"standard","meta":{"_monsterinsights_skip_tracking":false,"_monsterinsights_sitenote_active":false,"_monsterinsights_sitenote_note":"","_monsterinsights_sitenote_category":0,"_uf_show_specific_survey":0,"_uf_disable_surveys":false,"footnotes":""},"categories":[8,1,14],"tags":[],"class_list":["post-16664","post","type-post","status-publish","format-standard","has-post-thumbnail","hentry","category-agro","category-news","category-politica-agro"],"_links":{"self":[{"href":"https:\/\/agromt.news\/index.php?rest_route=\/wp\/v2\/posts\/16664"}],"collection":[{"href":"https:\/\/agromt.news\/index.php?rest_route=\/wp\/v2\/posts"}],"about":[{"href":"https:\/\/agromt.news\/index.php?rest_route=\/wp\/v2\/types\/post"}],"author":[{"embeddable":true,"href":"https:\/\/agromt.news\/index.php?rest_route=\/wp\/v2\/users\/1"}],"replies":[{"embeddable":true,"href":"https:\/\/agromt.news\/index.php?rest_route=%2Fwp%2Fv2%2Fcomments&post=16664"}],"version-history":[{"count":0,"href":"https:\/\/agromt.news\/index.php?rest_route=\/wp\/v2\/posts\/16664\/revisions"}],"wp:featuredmedia":[{"embeddable":true,"href":"https:\/\/agromt.news\/index.php?rest_route=\/wp\/v2\/media\/16665"}],"wp:attachment":[{"href":"https:\/\/agromt.news\/index.php?rest_route=%2Fwp%2Fv2%2Fmedia&parent=16664"}],"wp:term":[{"taxonomy":"category","embeddable":true,"href":"https:\/\/agromt.news\/index.php?rest_route=%2Fwp%2Fv2%2Fcategories&post=16664"},{"taxonomy":"post_tag","embeddable":true,"href":"https:\/\/agromt.news\/index.php?rest_route=%2Fwp%2Fv2%2Ftags&post=16664"}],"curies":[{"name":"wp","href":"https:\/\/api.w.org\/{rel}","templated":true}]}}