{"id":16660,"date":"2025-07-13T02:04:17","date_gmt":"2025-07-13T06:04:17","guid":{"rendered":"https:\/\/agromt.news\/?p=16660"},"modified":"2025-07-13T02:04:17","modified_gmt":"2025-07-13T06:04:17","slug":"dolar-sobe-na-contramao-do-exterior-com-decisao-do-governo-de-defender-alta","status":"publish","type":"post","link":"https:\/\/agromt.news\/?p=16660","title":{"rendered":"D\u00f3lar sobe na contram\u00e3o do exterior com decis\u00e3o do governo de defender alta&#8230;"},"content":{"rendered":"<p> <br \/>\n<\/p>\n<div>\n<p><img decoding=\"async\" alt=\"Logotipo Reuters\" height=\"22\" src=\"https:\/\/cdn.noticiasagricolas.com.br\/dbimagens\/0f687b0f35da9d220b6477534ce7c667.gif\" width=\"71\"\/><\/p>\n<p>Por Fernando Cardoso<\/p>\n<p>S\u00c3O PAULO (Reuters) -O d\u00f3lar \u00e0 vista subia ante o real nesta ter\u00e7a-feira, na contram\u00e3o do exterior e um dia depois de fechar o semestre no menor valor do ano, conforme os investidores avaliavam o embate pol\u00edtico e jur\u00eddico do governo com o Congresso em torno da cobran\u00e7a do IOF, com as negocia\u00e7\u00f5es comerciais dos Estados Unidos tamb\u00e9m em foco.<\/p>\n<p>\u00c0s 11h15, o d\u00f3lar \u00e0 vista subia 0,36%, a R$5,4545 na venda.<\/p>\n<p>Na B3, o contrato de d\u00f3lar futuro de primeiro vencimento tinha alta de 0,23%, a R$5,486 na venda.<\/p>\n<p>Na segunda-feira, o d\u00f3lar \u00e0 vista fechou em baixa de 0,88%, a R$5,4350, no menor valor de fechamento desde 19 de setembro do ano passado.<\/p>\n<p>Os movimentos do real nesta sess\u00e3o tinham como pano de fundo o an\u00fancio da Advocacia-Geral da Uni\u00e3o (AGU) de que ir\u00e1 ingressar com a\u00e7\u00e3o no Supremo Tribunal Federal (STF) para defender o decreto do governo que elevou al\u00edquotas do Imposto sobre Opera\u00e7\u00f5es Financeiras (IOF) e foi derrubado pelo Congresso na semana passada.<\/p>\n<p>&#8220;A avalia\u00e7\u00e3o t\u00e9cnica dos nossos advogados, e que foi submetida ao senhor presidente da Rep\u00fablica, foi que a medida adotada pelo Congresso Nacional acabou por violar o princ\u00edpio da separa\u00e7\u00e3o de Poderes&#8221;, disse o advogado-geral da Uni\u00e3o, Jorge Messias.<\/p>\n<p>Segundo analistas, a rea\u00e7\u00e3o negativa do mercado nacional se d\u00e1 tanto pelo conte\u00fado do decreto do IOF, que j\u00e1 vinha gerando insatisfa\u00e7\u00e3o entre os investidores, quanto pela perspectiva de embate institucional entre Executivo e Legislativo, o que gera incerteza para o cen\u00e1rio pol\u00edtico do pa\u00eds.<\/p>\n<p>&#8220;O que atrapalha o desempenho do real \u00e9 o pr\u00f3prio Brasil. O contexto pol\u00edtico e fiscal de Bras\u00edlia continua trazendo dor de cabe\u00e7a&#8221;, disse Matheus Spiess, analista da Empiricus Research.<\/p>\n<p>&#8220;Isso traz volatilidade para os ativos brasileiros, traz volatilidade para o c\u00e2mbio&#8221;, completou.<\/p>\n<p>No exterior, o cen\u00e1rio era de fraqueza para o d\u00f3lar, conforme os mercados navegam pelas incertezas geradas com a aproxima\u00e7\u00e3o do prazo de 9 de julho para que parceiros dos EUA fechem acordos a fim de evitar tarifas mais altas.<\/p>\n<p>Os receios quanto \u00e0s disputas comerciais t\u00eam provocado nos \u00faltimos meses um movimento de fuga dos ativos dos EUA, incluindo o d\u00f3lar, levando a divisa a recuar tanto frente a pares fortes, como o euro e o iene, e emergentes, como o peso mexicano e o rand sul-africano.<\/p>\n<p>A percep\u00e7\u00e3o de analistas \u00e9 de que, apesar das amea\u00e7as tarif\u00e1rias partirem do presidente dos EUA, Donald Trump, a maior economia do mundo \u00e9 que ser\u00e1 mais prejudicada pelas altas taxas de importa\u00e7\u00e3o sobre produtos de diversos pa\u00edses.<\/p>\n<p>Em outro fator de press\u00e3o para o d\u00f3lar, os investidores tamb\u00e9m t\u00eam fomentado suas apostas em cortes na taxa de juros pelo Federal Reserve neste ano, na esteira de dados de infla\u00e7\u00e3o moderados e n\u00fameros fracos para a atividade econ\u00f4mica, como a contra\u00e7\u00e3o de 0,5% no PIB dos EUA para o primeiro trimestre.<\/p>\n<p>O \u00edndice do d\u00f3lar &#8212; que mede o desempenho da moeda norte-americana frente a uma cesta de seis divisas &#8212; ca\u00eda 0,14%, a 96,626.<\/p>\n<p>Ao longo da semana, o foco dos mercados estar\u00e1 em torno de dados econ\u00f4micos, com destaque para o relat\u00f3rio de emprego de junho dos EUA na quinta-feira, que pode fornecer novos sinais sobre a trajet\u00f3ria da taxa de juros do Fed.<\/p>\n<p>(Edi\u00e7\u00e3o de Isabel Versiani e Camila Moreira)<\/p>\n<\/p><\/div>\n<p><script async defer src=\"https:\/\/connect.facebook.net\/en_US\/sdk.js\"><\/script><script>\n  !function(f,b,e,v,n,t,s)\n  {if(f.fbq)return;n=f.fbq=function(){n.callMethod?\n    n.callMethod.apply(n,arguments):n.queue.push(arguments)};\n    if(!f._fbq)f._fbq=n;n.push=n;n.loaded=!0;n.version='2.0';\n    n.queue=[];t=b.createElement(e);t.async=!0;\n    t.src=v;s=b.getElementsByTagName(e)[0];\n    s.parentNode.insertBefore(t,s)}(window, document,'script',\n    'https:\/\/connect.facebook.net\/en_US\/fbevents.js');\n  fbq('init', '153495679422335');\n  fbq('track', 'PageView');\n<\/script><br \/>\n<br \/><br \/>\n<br \/><a href=\"https:\/\/www.noticiasagricolas.com.br\/noticias\/politica-economia\/403255-dolar-tem-leve-baixa-na-abertura-com-negociacoes-comerciais-e-dados-em-foco.html\">Source link <\/a><\/p>\n","protected":false},"excerpt":{"rendered":"<p>Por Fernando Cardoso S\u00c3O PAULO (Reuters) -O d\u00f3lar \u00e0 vista subia ante o real nesta ter\u00e7a-feira, na contram\u00e3o do exterior<\/p>\n","protected":false},"author":1,"featured_media":16661,"comment_status":"open","ping_status":"open","sticky":false,"template":"","format":"standard","meta":{"_monsterinsights_skip_tracking":false,"_monsterinsights_sitenote_active":false,"_monsterinsights_sitenote_note":"","_monsterinsights_sitenote_category":0,"_uf_show_specific_survey":0,"_uf_disable_surveys":false,"footnotes":""},"categories":[8,1,14,16],"tags":[],"class_list":["post-16660","post","type-post","status-publish","format-standard","has-post-thumbnail","hentry","category-agro","category-news","category-politica-agro","category-safra"],"_links":{"self":[{"href":"https:\/\/agromt.news\/index.php?rest_route=\/wp\/v2\/posts\/16660"}],"collection":[{"href":"https:\/\/agromt.news\/index.php?rest_route=\/wp\/v2\/posts"}],"about":[{"href":"https:\/\/agromt.news\/index.php?rest_route=\/wp\/v2\/types\/post"}],"author":[{"embeddable":true,"href":"https:\/\/agromt.news\/index.php?rest_route=\/wp\/v2\/users\/1"}],"replies":[{"embeddable":true,"href":"https:\/\/agromt.news\/index.php?rest_route=%2Fwp%2Fv2%2Fcomments&post=16660"}],"version-history":[{"count":0,"href":"https:\/\/agromt.news\/index.php?rest_route=\/wp\/v2\/posts\/16660\/revisions"}],"wp:featuredmedia":[{"embeddable":true,"href":"https:\/\/agromt.news\/index.php?rest_route=\/wp\/v2\/media\/16661"}],"wp:attachment":[{"href":"https:\/\/agromt.news\/index.php?rest_route=%2Fwp%2Fv2%2Fmedia&parent=16660"}],"wp:term":[{"taxonomy":"category","embeddable":true,"href":"https:\/\/agromt.news\/index.php?rest_route=%2Fwp%2Fv2%2Fcategories&post=16660"},{"taxonomy":"post_tag","embeddable":true,"href":"https:\/\/agromt.news\/index.php?rest_route=%2Fwp%2Fv2%2Ftags&post=16660"}],"curies":[{"name":"wp","href":"https:\/\/api.w.org\/{rel}","templated":true}]}}