{"id":16658,"date":"2025-07-13T01:20:32","date_gmt":"2025-07-13T05:20:32","guid":{"rendered":"https:\/\/agromt.news\/?p=16658"},"modified":"2025-07-13T01:20:32","modified_gmt":"2025-07-13T05:20:32","slug":"oferta-limitada-e-sazonalidade-afetam-precos-das-frutas-no-parana","status":"publish","type":"post","link":"https:\/\/agromt.news\/?p=16658","title":{"rendered":"Oferta limitada e sazonalidade afetam pre\u00e7os das frutas no Paran\u00e1"},"content":{"rendered":"<p> <br \/>\n<\/p>\n<div>\n<p style=\"text-align:justify\">Segundo o Boletim de Conjuntura Agropecu\u00e1ria divulgado nesta quinta-feira (10) pelos analistas do Departamento de Economia Rural (Deral), da Secretaria de Estado da Agricultura e do Abastecimento (Seab), a oferta de frutas oriundas de pomares nativos no Paran\u00e1 permanece restrita. A situa\u00e7\u00e3o decorre da depend\u00eancia do estado em rela\u00e7\u00e3o ao fornecimento de outras regi\u00f5es do pa\u00eds, o que torna os pre\u00e7os vulner\u00e1veis a varia\u00e7\u00f5es sazonais, condi\u00e7\u00f5es clim\u00e1ticas, ocorr\u00eancia de pragas e doen\u00e7as, al\u00e9m dos custos de transporte.&#13;\n<\/p>\n<p style=\"text-align:justify\">De acordo com o Deral, a an\u00e1lise considerou os pre\u00e7os nominais das 12 frutas mais comercializadas na unidade de Curitiba da Ceasa\/PR, comparando os dados das \u00faltimas 52 semanas com o mesmo per\u00edodo do ano anterior. O levantamento apontou que os pre\u00e7os de quatro frutas apresentaram alta, sete registraram queda e uma manteve estabilidade.<\/p>\n<p style=\"text-align:justify\">\u201cObservamos eleva\u00e7\u00e3o nos pre\u00e7os do lim\u00e3o tahiti, mam\u00e3o formosa, morango e abacate. Por outro lado, mel\u00e3o, manga Tommy Atkins, banana caturra, melancia, ma\u00e7\u00e3 gala, abacaxi e uva Ni\u00e1gara apresentaram retra\u00e7\u00e3o. A laranja pera manteve pre\u00e7os est\u00e1veis\u201d, informou a an\u00e1lise.&#13;\n<\/p>\n<p style=\"text-align:justify\">O lim\u00e3o tahiti, por exemplo, teve aumento de 40%, oscilando entre R$ 50 e R$ 70 por caixa de 23 kg, chegando a R$ 150,00 entre setembro e outubro de 2024. O mam\u00e3o formosa passou de R$ 60 para R$ 70 na caixa de 15 kg, com pico de R$ 100 em mar\u00e7o deste ano. J\u00e1 o morango, comercializado em bandeja com quatro cumbucas, passou de R$ 30 para R$ 35, embora tenha registrado valor de R$ 45 no meio de junho.<\/p>\n<p style=\"text-align:justify\">Entre os produtos com retra\u00e7\u00e3o de pre\u00e7os, o <a href=\"https:\/\/www.agrolink.com.br\/culturas\/melao?utm_source=agrolink-detalhe-noticia&amp;utm_medium=detalhe-noticia&amp;utm_campaign=links-internos\" target=\"_blank\" rel=\"noopener\">mel\u00e3o<\/a> tipo 6\/8 caiu de R$ 85 para R$ 50, uma redu\u00e7\u00e3o de 41,2%. A <a href=\"https:\/\/www.agrolink.com.br\/culturas\/manga?utm_source=agrolink-detalhe-noticia&amp;utm_medium=detalhe-noticia&amp;utm_campaign=links-internos\" target=\"_blank\" rel=\"noopener\">manga<\/a> Tommy recuou de R$ 160 para R$ 120 por caixa de 20 kg, e a <a href=\"https:\/\/www.agrolink.com.br\/culturas\/banana?utm_source=agrolink-detalhe-noticia&amp;utm_medium=detalhe-noticia&amp;utm_campaign=links-internos\" target=\"_blank\" rel=\"noopener\">banana<\/a> caturra desvalorizou-se de R$ 45 para R$ 35 por caixa de 20 kg. A melancia tamb\u00e9m apresentou queda de 42,9%, passando de R$ 2,20 para R$ 1,80 o quilo.&#13;\n<\/p>\n<p style=\"text-align:justify\">A participa\u00e7\u00e3o do Paran\u00e1 no fornecimento das frutas na Ceasa de Curitiba varia conforme o produto. O estado tem presen\u00e7a majorit\u00e1ria no fornecimento de morango (71%) e abacate (60%), mas representa apenas 0,3% no caso do mam\u00e3o. Essa diferen\u00e7a regional contribui para a oscila\u00e7\u00e3o dos pre\u00e7os e refor\u00e7a a depend\u00eancia da produ\u00e7\u00e3o interestadual.<\/p>\n<\/p><\/div>\n<p><script data-cfasync=\"false\">\n    !function (f, b, e, v, n, t, s) {\n        if (f.fbq) return; n = f.fbq = function () {\n            n.callMethod ?\n                n.callMethod.apply(n, arguments) : n.queue.push(arguments)\n        };\n        if (!f._fbq) f._fbq = n; n.push = n; n.loaded = !0; n.version = '2.0';\n        n.queue = []; t = b.createElement(e); t.async = !0;\n        t.src = v; s = b.getElementsByTagName(e)[0];\n        s.parentNode.insertBefore(t, s)\n    }(window, document, 'script',\n        'https:\/\/connect.facebook.net\/en_US\/fbevents.js');\n    fbq('init', '522546078623747');\n    fbq('track', 'PageView');\n<\/script><br \/>\n<br \/><br \/>\n<br \/><a href=\"https:\/\/www.agrolink.com.br\/noticias\/oferta-limitada-e-sazonalidade-afetam-precos-das-frutas-no-parana_503837.html\">Source link <\/a><\/p>\n","protected":false},"excerpt":{"rendered":"<p>Segundo o Boletim de Conjuntura Agropecu\u00e1ria divulgado nesta quinta-feira (10) pelos analistas do Departamento de Economia Rural (Deral), da Secretaria<\/p>\n","protected":false},"author":1,"featured_media":16659,"comment_status":"open","ping_status":"open","sticky":false,"template":"","format":"standard","meta":{"_monsterinsights_skip_tracking":false,"_monsterinsights_sitenote_active":false,"_monsterinsights_sitenote_note":"","_monsterinsights_sitenote_category":0,"_uf_show_specific_survey":0,"_uf_disable_surveys":false,"footnotes":""},"categories":[8,1,14],"tags":[],"class_list":["post-16658","post","type-post","status-publish","format-standard","has-post-thumbnail","hentry","category-agro","category-news","category-politica-agro"],"_links":{"self":[{"href":"https:\/\/agromt.news\/index.php?rest_route=\/wp\/v2\/posts\/16658"}],"collection":[{"href":"https:\/\/agromt.news\/index.php?rest_route=\/wp\/v2\/posts"}],"about":[{"href":"https:\/\/agromt.news\/index.php?rest_route=\/wp\/v2\/types\/post"}],"author":[{"embeddable":true,"href":"https:\/\/agromt.news\/index.php?rest_route=\/wp\/v2\/users\/1"}],"replies":[{"embeddable":true,"href":"https:\/\/agromt.news\/index.php?rest_route=%2Fwp%2Fv2%2Fcomments&post=16658"}],"version-history":[{"count":0,"href":"https:\/\/agromt.news\/index.php?rest_route=\/wp\/v2\/posts\/16658\/revisions"}],"wp:featuredmedia":[{"embeddable":true,"href":"https:\/\/agromt.news\/index.php?rest_route=\/wp\/v2\/media\/16659"}],"wp:attachment":[{"href":"https:\/\/agromt.news\/index.php?rest_route=%2Fwp%2Fv2%2Fmedia&parent=16658"}],"wp:term":[{"taxonomy":"category","embeddable":true,"href":"https:\/\/agromt.news\/index.php?rest_route=%2Fwp%2Fv2%2Fcategories&post=16658"},{"taxonomy":"post_tag","embeddable":true,"href":"https:\/\/agromt.news\/index.php?rest_route=%2Fwp%2Fv2%2Ftags&post=16658"}],"curies":[{"name":"wp","href":"https:\/\/api.w.org\/{rel}","templated":true}]}}