{"id":16655,"date":"2025-07-12T21:24:16","date_gmt":"2025-07-13T01:24:16","guid":{"rendered":"https:\/\/agromt.news\/?p=16655"},"modified":"2025-07-12T21:24:16","modified_gmt":"2025-07-13T01:24:16","slug":"clima-favorece-produtividade-do-arroz-em-2024-25","status":"publish","type":"post","link":"https:\/\/agromt.news\/?p=16655","title":{"rendered":"Clima favorece produtividade do arroz em 2024\/25"},"content":{"rendered":"<p> <br \/>\n<\/p>\n<div>\n<p style=\"text-align:justify\">A safra brasileira de <a href=\"https:\/\/www.agrolink.com.br\/culturas\/arroz\/?utm_source=agrolink-detalhe-noticia&amp;utm_medium=detalhe-noticia&amp;utm_campaign=links-internos\" target=\"_blank\" rel=\"noopener\">arroz<\/a> 2024\/25 deve alcan\u00e7ar 12,3 milh\u00f5es de toneladas, volume 16,5% superior ao registrado na temporada anterior. A proje\u00e7\u00e3o foi divulgada nesta quinta-feira (10) pela Companhia Nacional de Abastecimento (Conab), no Boletim da Safra de Gr\u00e3os. Segundo a estatal, o aumento \u00e9 impulsionado pela amplia\u00e7\u00e3o da \u00e1rea plantada, motivada pelos pre\u00e7os praticados no per\u00edodo de semeadura.&#13;\n<\/p>\n<p style=\"text-align:justify\">\u201cA expectativa de clima favor\u00e1vel nas principais regi\u00f5es produtoras tamb\u00e9m contribui para a boa produtividade observada\u201d, informou a Conab.<\/p>\n<p style=\"text-align:justify\">No que se refere ao consumo interno, o relat\u00f3rio aponta um ajuste de 47,4 mil toneladas para a safra 2023\/24, totalizando 10,547 milh\u00f5es de toneladas. A estimativa para 2024\/25 \u00e9 de estabilidade no consumo. De acordo com a Conab, o c\u00e1lculo considera os estoques finais informados pelo IBGE, os dados de exporta\u00e7\u00e3o e importa\u00e7\u00e3o da Secex\/MDIC e a produ\u00e7\u00e3o nacional estimada.<\/p>\n<p style=\"text-align:justify\">As exporta\u00e7\u00f5es brasileiras de arroz na safra 2023\/24 foram reduzidas para 1,4 milh\u00e3o de toneladas. Segundo a Conab, a retra\u00e7\u00e3o foi influenciada por pre\u00e7os internos superiores \u00e0s paridades internacionais, pela menor disponibilidade do cereal no mercado interno e pela recupera\u00e7\u00e3o da produ\u00e7\u00e3o nos Estados Unidos.&#13;\n<\/p>\n<p style=\"text-align:justify\">Para a temporada 2024\/25, a expectativa \u00e9 de aumento nas exporta\u00e7\u00f5es, com volume projetado de 1,6 milh\u00e3o de toneladas. As importa\u00e7\u00f5es, por outro lado, devem se manter em 1,4 milh\u00e3o de toneladas tanto na safra atual quanto na anterior.<\/p>\n<p style=\"text-align:justify\">Com a recupera\u00e7\u00e3o da produ\u00e7\u00e3o nacional e a retra\u00e7\u00e3o nos pre\u00e7os internos esperada para 2025, a Conab projeta um aumento nos estoques de passagem. A estimativa \u00e9 de que os estoques ao final da safra 2024\/25, em fevereiro de 2026, cheguem a 2,1 milh\u00f5es de toneladas.<\/p>\n<\/p><\/div>\n<p><script data-cfasync=\"false\">\n    !function (f, b, e, v, n, t, s) {\n        if (f.fbq) return; n = f.fbq = function () {\n            n.callMethod ?\n                n.callMethod.apply(n, arguments) : n.queue.push(arguments)\n        };\n        if (!f._fbq) f._fbq = n; n.push = n; n.loaded = !0; n.version = '2.0';\n        n.queue = []; t = b.createElement(e); t.async = !0;\n        t.src = v; s = b.getElementsByTagName(e)[0];\n        s.parentNode.insertBefore(t, s)\n    }(window, document, 'script',\n        'https:\/\/connect.facebook.net\/en_US\/fbevents.js');\n    fbq('init', '522546078623747');\n    fbq('track', 'PageView');\n<\/script><br \/>\n<br \/><br \/>\n<br \/><a href=\"https:\/\/www.agrolink.com.br\/noticias\/clima-favorece-produtividade-do-arroz-em-2024-25_503839.html\">Source link <\/a><\/p>\n","protected":false},"excerpt":{"rendered":"<p>A safra brasileira de arroz 2024\/25 deve alcan\u00e7ar 12,3 milh\u00f5es de toneladas, volume 16,5% superior ao registrado na temporada anterior.<\/p>\n","protected":false},"author":1,"featured_media":2345,"comment_status":"open","ping_status":"open","sticky":false,"template":"","format":"standard","meta":{"_monsterinsights_skip_tracking":false,"_monsterinsights_sitenote_active":false,"_monsterinsights_sitenote_note":"","_monsterinsights_sitenote_category":0,"_uf_show_specific_survey":0,"_uf_disable_surveys":false,"footnotes":""},"categories":[8,1,14],"tags":[],"class_list":["post-16655","post","type-post","status-publish","format-standard","has-post-thumbnail","hentry","category-agro","category-news","category-politica-agro"],"_links":{"self":[{"href":"https:\/\/agromt.news\/index.php?rest_route=\/wp\/v2\/posts\/16655"}],"collection":[{"href":"https:\/\/agromt.news\/index.php?rest_route=\/wp\/v2\/posts"}],"about":[{"href":"https:\/\/agromt.news\/index.php?rest_route=\/wp\/v2\/types\/post"}],"author":[{"embeddable":true,"href":"https:\/\/agromt.news\/index.php?rest_route=\/wp\/v2\/users\/1"}],"replies":[{"embeddable":true,"href":"https:\/\/agromt.news\/index.php?rest_route=%2Fwp%2Fv2%2Fcomments&post=16655"}],"version-history":[{"count":0,"href":"https:\/\/agromt.news\/index.php?rest_route=\/wp\/v2\/posts\/16655\/revisions"}],"wp:featuredmedia":[{"embeddable":true,"href":"https:\/\/agromt.news\/index.php?rest_route=\/wp\/v2\/media\/2345"}],"wp:attachment":[{"href":"https:\/\/agromt.news\/index.php?rest_route=%2Fwp%2Fv2%2Fmedia&parent=16655"}],"wp:term":[{"taxonomy":"category","embeddable":true,"href":"https:\/\/agromt.news\/index.php?rest_route=%2Fwp%2Fv2%2Fcategories&post=16655"},{"taxonomy":"post_tag","embeddable":true,"href":"https:\/\/agromt.news\/index.php?rest_route=%2Fwp%2Fv2%2Ftags&post=16655"}],"curies":[{"name":"wp","href":"https:\/\/api.w.org\/{rel}","templated":true}]}}