{"id":16654,"date":"2025-07-12T19:25:07","date_gmt":"2025-07-12T23:25:07","guid":{"rendered":"https:\/\/agromt.news\/?p=16654"},"modified":"2025-07-12T19:25:07","modified_gmt":"2025-07-12T23:25:07","slug":"diagnostico-esg-valoriza-praticas-no-campo","status":"publish","type":"post","link":"https:\/\/agromt.news\/?p=16654","title":{"rendered":"Diagn\u00f3stico ESG valoriza pr\u00e1ticas no campo"},"content":{"rendered":"<p> <br \/>\n<\/p>\n<div>\n<div class=\"row\">\n<div class=\"col-lg col-infos mt-0 mt-lg-0\">\n<div class=\"section-sub-title\">\n<p itemprop=\"description\">&#13;<br \/>\n                                A iniciativa reconhece e valoriza as boas pr\u00e1ticas no campo&#13;\n                            <\/p>\n<\/p><\/div>\n<div class=\"container\">\n<div class=\"row\">\n<div class=\"col-lg p-0\">\n<div>\n<div class=\"block-news-main-infos mt-3 text-start\">\n<p>                                            <strong class=\"fn\" itemprop=\"author\" style=\"color: rgb(112, 112, 112); \">&#13;<br \/>\n                                                <a href=\"https:\/\/www.agrolink.com.br\/noticias\/javascript:;\" class=\"text-uppercase\" target=\"_blank\" style=\"color: rgb(112, 112, 112); \" rel=\"noopener\">Agrolink<\/a>&#13;<br \/>\n&#13;<br \/>\n                                                    &#8211; Leonardo Gottems&#13;<br \/>\n&#13;<br \/>\n                                            <\/strong><br \/>\n                                        <\/p>\n<p>                                            <abbr><time datetime=\"2025-07-11T13:26\" itemprop=\"datePublished dateModified\">Publicado em 11\/07\/2025 \u00e0s 13:26h.<\/time><\/abbr><br \/>\n                                            <\/p><\/div>\n<\/p><\/div>\n<\/p><\/div>\n<div class=\"col-lg p-0 text-lg-end\">\n<div>\n<div id=\"mdEnviarPagina\" class=\"modal fade\" role=\"dialog\">\n<div class=\"modal-dialog\">\n<div class=\"modal-content\">\n<div class=\"modal-body\">\n<p><strong>Estimado usu\u00e1rio.<\/strong><br \/>Preencha o formul\u00e1rio abaixo para remeter a p\u00e1gina.<\/p>\n<\/p><\/div>\n<\/p><\/div>\n<\/p><\/div>\n<\/div><\/div>\n<\/p><\/div>\n<\/p><\/div>\n<\/p><\/div>\n<\/p><\/div>\n<\/p><\/div>\n<div class=\"row justify-content-md-center mt-3\">\n<div class=\"col-lg-auto col-image block-news-main-image\">\n<p>                                <img decoding=\"async\" src=\"https:\/\/www.agrolink.com.br\/upload\/imagens-resizes\/da956dd34b184a88a06addd971702142_858x483.jpg\" class=\"lazyload img-fluid\" alt=\"A iniciativa reconhece e valoriza as boas pr\u00e1ticas no campo\"\/><br \/>\n                                                <span class=\"d-block mt-1\">A iniciativa reconhece e valoriza as boas pr\u00e1ticas no campo &#8211; Foto: Divulga\u00e7\u00e3o<\/span><\/p><\/div>\n<\/p><\/div>\n<div class=\"section-description section-description-noticias mt-3\">\n<p>A Korin Alimentos anunciou uma nova iniciativa voltada \u00e0 sustentabilidade no campo: um servi\u00e7o de diagn\u00f3stico ESG (Ambiental, Social e Governan\u00e7a) exclusivo para seus produtores rurais integrados. A ferramenta, desenvolvida em parceria com a MyTS, plataforma especializada em gest\u00e3o e compliance, avalia pr\u00e1ticas sustent\u00e1veis nas propriedades e identifica oportunidades de melhoria, promovendo maior transpar\u00eancia em toda a cadeia produtiva.&#13;\n<\/p>\n<p>Segundo Reginaldo Morikawa, Diretor de Neg\u00f3cios e Marketing da Korin, a proposta \u00e9 fortalecer a conex\u00e3o entre produtores e consumidores por meio de uma produ\u00e7\u00e3o mais \u00e9tica e consciente. A metodologia do diagn\u00f3stico foi constru\u00edda a partir de visitas presenciais da equipe MyTS, com entrevistas e coleta de dados sobre aspectos ambientais, sociais e econ\u00f4micos. \u201cA partir desse mapeamento, os produtores receberam orienta\u00e7\u00f5es para aprimorar suas pr\u00e1ticas e ampliar os impactos positivos da produ\u00e7\u00e3o\u201d, destaca Morikawa.<\/p>\n<p>A iniciativa reconhece e valoriza as boas pr\u00e1ticas no campo, promovendo desde a gest\u00e3o eficiente de recursos naturais at\u00e9 o bem-estar dos trabalhadores e os impactos sociais nas comunidades. Ao incentivar a transpar\u00eancia, o projeto aproxima o consumidor da realidade rural e fortalece o compromisso com a sustentabilidade.&#13;\n<\/p>\n<p>Com mais de 10 certifica\u00e7\u00f5es em seu portf\u00f3lio, a Korin refor\u00e7a seu pioneirismo ao unir ci\u00eancia, tecnologia e responsabilidade socioambiental. A expectativa \u00e9 que o diagn\u00f3stico ESG ajude os produtores a compreenderem melhor suas pr\u00e1ticas e avancem em dire\u00e7\u00e3o a um modelo mais sustent\u00e1vel, transparente e alinhado com as exig\u00eancias do consumidor moderno.<br \/>&#13;<br \/>\n\u00a0<\/p>\n<\/p><\/div>\n<\/p><\/div>\n<p><script data-cfasync=\"false\">\n    !function (f, b, e, v, n, t, s) {\n        if (f.fbq) return; n = f.fbq = function () {\n            n.callMethod ?\n                n.callMethod.apply(n, arguments) : n.queue.push(arguments)\n        };\n        if (!f._fbq) f._fbq = n; n.push = n; n.loaded = !0; n.version = '2.0';\n        n.queue = []; t = b.createElement(e); t.async = !0;\n        t.src = v; s = b.getElementsByTagName(e)[0];\n        s.parentNode.insertBefore(t, s)\n    }(window, document, 'script',\n        'https:\/\/connect.facebook.net\/en_US\/fbevents.js');\n    fbq('init', '522546078623747');\n    fbq('track', 'PageView');\n<\/script><br \/>\n<br \/><br \/>\n<br \/><a href=\"https:\/\/www.agrolink.com.br\/noticias\/diagnostico-esg-valoriza-praticas-no-campo_503841.html\">Source link <\/a><\/p>\n","protected":false},"excerpt":{"rendered":"<p>&#13; A iniciativa reconhece e valoriza as boas pr\u00e1ticas no campo&#13; &#13; Agrolink&#13; &#13; &#8211; Leonardo Gottems&#13; &#13; Publicado em<\/p>\n","protected":false},"author":1,"featured_media":1646,"comment_status":"open","ping_status":"open","sticky":false,"template":"","format":"standard","meta":{"_monsterinsights_skip_tracking":false,"_monsterinsights_sitenote_active":false,"_monsterinsights_sitenote_note":"","_monsterinsights_sitenote_category":0,"_uf_show_specific_survey":0,"_uf_disable_surveys":false,"footnotes":""},"categories":[8,1,14],"tags":[],"class_list":["post-16654","post","type-post","status-publish","format-standard","has-post-thumbnail","hentry","category-agro","category-news","category-politica-agro"],"_links":{"self":[{"href":"https:\/\/agromt.news\/index.php?rest_route=\/wp\/v2\/posts\/16654"}],"collection":[{"href":"https:\/\/agromt.news\/index.php?rest_route=\/wp\/v2\/posts"}],"about":[{"href":"https:\/\/agromt.news\/index.php?rest_route=\/wp\/v2\/types\/post"}],"author":[{"embeddable":true,"href":"https:\/\/agromt.news\/index.php?rest_route=\/wp\/v2\/users\/1"}],"replies":[{"embeddable":true,"href":"https:\/\/agromt.news\/index.php?rest_route=%2Fwp%2Fv2%2Fcomments&post=16654"}],"version-history":[{"count":0,"href":"https:\/\/agromt.news\/index.php?rest_route=\/wp\/v2\/posts\/16654\/revisions"}],"wp:featuredmedia":[{"embeddable":true,"href":"https:\/\/agromt.news\/index.php?rest_route=\/wp\/v2\/media\/1646"}],"wp:attachment":[{"href":"https:\/\/agromt.news\/index.php?rest_route=%2Fwp%2Fv2%2Fmedia&parent=16654"}],"wp:term":[{"taxonomy":"category","embeddable":true,"href":"https:\/\/agromt.news\/index.php?rest_route=%2Fwp%2Fv2%2Fcategories&post=16654"},{"taxonomy":"post_tag","embeddable":true,"href":"https:\/\/agromt.news\/index.php?rest_route=%2Fwp%2Fv2%2Ftags&post=16654"}],"curies":[{"name":"wp","href":"https:\/\/api.w.org\/{rel}","templated":true}]}}