{"id":16648,"date":"2025-07-12T15:33:33","date_gmt":"2025-07-12T19:33:33","guid":{"rendered":"https:\/\/agromt.news\/?p=16648"},"modified":"2025-07-12T15:33:33","modified_gmt":"2025-07-12T19:33:33","slug":"clima-seco-e-calor-excessivo-colocam-em-regioes-em-alerta","status":"publish","type":"post","link":"https:\/\/agromt.news\/?p=16648","title":{"rendered":"Clima seco e calor excessivo colocam em regi\u00f5es em alerta"},"content":{"rendered":"<p> <br \/>\n<\/p>\n<div>\n<p style=\"text-align:justify\">O Instituto Nacional de Meteorologia (Inmet) divulgou o Boletim Agroclimatol\u00f3gico de julho de 2025, com importantes alertas para o setor agropecu\u00e1rio brasileiro. O documento aponta que os pr\u00f3ximos meses \u2014 julho, agosto e setembro \u2014 ser\u00e3o marcados por chuvas abaixo da m\u00e9dia e temperaturas elevadas em boa parte do pa\u00eds. O cen\u00e1rio exige planejamento e aten\u00e7\u00e3o dos produtores rurais, principalmente em culturas como <a href=\"https:\/\/www.agrolink.com.br\/culturas\/milho?utm_source=agrolink-detalhe-noticia&amp;utm_medium=detalhe-noticia&amp;utm_campaign=links-internos&#9;\" target=\"_blank\" rel=\"noopener\">milho<\/a> safrinha, <a href=\"https:\/\/www.agrolink.com.br\/culturas\/feijao\/?utm_source=agrolink-detalhe-noticia&amp;utm_medium=detalhe-noticia&amp;utm_campaign=links-internos\" target=\"_blank\" rel=\"noopener\">feij\u00e3o<\/a> e <a href=\"https:\/\/www.agrolink.com.br\/culturas\/trigo\/?utm_source=agrolink-detalhe-noticia&amp;utm_medium=detalhe-noticia&amp;utm_campaign=links-internos\" target=\"_blank\" rel=\"noopener\">trigo<\/a>.&#13;\n<\/p>\n<p style=\"text-align:justify\">Segundo o boletim, as regi\u00f5es Centro-Oeste, Sudeste, Nordeste e parte da Regi\u00e3o Norte devem enfrentar escassez h\u00eddrica, com d\u00e9ficit de \u00e1gua no solo superior a 100 mm em diversas localidades. A tend\u00eancia \u00e9 agravada por temperaturas acima da m\u00e9dia, que podem chegar a at\u00e9 2\u00b0C em estados como Mato Grosso, Goi\u00e1s, S\u00e3o Paulo, Minas Gerais e Tocantins.<\/p>\n<p style=\"text-align:justify\">No Centro-Oeste, a previs\u00e3o clim\u00e1tica destaca a intensifica\u00e7\u00e3o da seca, com baixos \u00edndices de umidade no solo. Essa condi\u00e7\u00e3o pode impactar negativamente o milho segunda safra, que est\u00e1 em fase de matura\u00e7\u00e3o em muitas propriedades. Al\u00e9m disso, cresce o risco de queimadas e doen\u00e7as respirat\u00f3rias, comuns durante o per\u00edodo seco.<\/p>\n<p style=\"text-align:justify\">O Sudeste tamb\u00e9m apresenta um cen\u00e1rio preocupante, com baixa disponibilidade h\u00eddrica no norte de Minas Gerais, Tri\u00e2ngulo Mineiro e oeste de S\u00e3o Paulo. O boletim do Inmet alerta para impactos no trigo de sequeiro e pastagens, exigindo irriga\u00e7\u00e3o suplementar em \u00e1reas cr\u00edticas.&#13;\n<\/p>\n<p style=\"text-align:justify\"><a href=\"https:\/\/www.agrolink.com.br\/agrotempo?utm_source=agrolink-detalhe-noticia&amp;utm_medium=detalhe-noticia&amp;utm_campaign=links-internos\" target=\"_blank\" rel=\"noopener\">Clique aqui e acesse AGROTEMPO<\/a><\/p>\n<p style=\"text-align:justify\">J\u00e1 no interior do Nordeste, a escassez de chuvas deve afetar culturas n\u00e3o irrigadas e aumentar o estresse h\u00eddrico em lavouras e rebanhos. Em contrapartida, o litoral leste da regi\u00e3o, especialmente entre Pernambuco e Alagoas, mant\u00e9m bons n\u00edveis de umidade, favorecendo culturas de ciclo curto, como o feij\u00e3o da terceira safra.<\/p>\n<p style=\"text-align:justify\">Na Regi\u00e3o Sul, o cen\u00e1rio \u00e9 mais favor\u00e1vel. Os volumes de chuva devem ficar acima da m\u00e9dia, especialmente no Rio Grande do Sul. Essa condi\u00e7\u00e3o beneficia a semeadura do trigo e outras culturas de inverno. No entanto, o excesso de precipita\u00e7\u00e3o pode atrasar colheitas e aumentar o risco de perdas por deteriora\u00e7\u00e3o, principalmente no feij\u00e3o.<\/p>\n<p style=\"text-align:justify\">As an\u00e1lises oceanogr\u00e1ficas indicam neutralidade dos fen\u00f4menos El Ni\u00f1o e La Ni\u00f1a, e um comportamento neutro do Dipolo do Atl\u00e2ntico, o que refor\u00e7a o peso das condi\u00e7\u00f5es locais e regionais na variabilidade clim\u00e1tica.<\/p>\n<p style=\"text-align:justify\">A previs\u00e3o clim\u00e1tica do Inmet, elaborada em parceria com o CPTEC\/INPE e a Funceme, \u00e9 uma ferramenta essencial para o planejamento agr\u00edcola. A recomenda\u00e7\u00e3o \u00e9 que os produtores fiquem atentos aos boletins atualizados e adotem pr\u00e1ticas de manejo adaptativas, especialmente em regi\u00f5es com tend\u00eancia de seca severa.&#13;\n<\/p>\n<\/p><\/div>\n<p><script data-cfasync=\"false\">\n    !function (f, b, e, v, n, t, s) {\n        if (f.fbq) return; n = f.fbq = function () {\n            n.callMethod ?\n                n.callMethod.apply(n, arguments) : n.queue.push(arguments)\n        };\n        if (!f._fbq) f._fbq = n; n.push = n; n.loaded = !0; n.version = '2.0';\n        n.queue = []; t = b.createElement(e); t.async = !0;\n        t.src = v; s = b.getElementsByTagName(e)[0];\n        s.parentNode.insertBefore(t, s)\n    }(window, document, 'script',\n        'https:\/\/connect.facebook.net\/en_US\/fbevents.js');\n    fbq('init', '522546078623747');\n    fbq('track', 'PageView');\n<\/script><br \/>\n<br \/><br \/>\n<br \/><a href=\"https:\/\/www.agrolink.com.br\/noticias\/clima-seco-e-calor-excessivo-colocam-em-regioes-em-alerta_503845.html\">Source link <\/a><\/p>\n","protected":false},"excerpt":{"rendered":"<p>O Instituto Nacional de Meteorologia (Inmet) divulgou o Boletim Agroclimatol\u00f3gico de julho de 2025, com importantes alertas para o setor<\/p>\n","protected":false},"author":1,"featured_media":2637,"comment_status":"open","ping_status":"open","sticky":false,"template":"","format":"standard","meta":{"_monsterinsights_skip_tracking":false,"_monsterinsights_sitenote_active":false,"_monsterinsights_sitenote_note":"","_monsterinsights_sitenote_category":0,"_uf_show_specific_survey":0,"_uf_disable_surveys":false,"footnotes":""},"categories":[8,1,14],"tags":[],"class_list":["post-16648","post","type-post","status-publish","format-standard","has-post-thumbnail","hentry","category-agro","category-news","category-politica-agro"],"_links":{"self":[{"href":"https:\/\/agromt.news\/index.php?rest_route=\/wp\/v2\/posts\/16648"}],"collection":[{"href":"https:\/\/agromt.news\/index.php?rest_route=\/wp\/v2\/posts"}],"about":[{"href":"https:\/\/agromt.news\/index.php?rest_route=\/wp\/v2\/types\/post"}],"author":[{"embeddable":true,"href":"https:\/\/agromt.news\/index.php?rest_route=\/wp\/v2\/users\/1"}],"replies":[{"embeddable":true,"href":"https:\/\/agromt.news\/index.php?rest_route=%2Fwp%2Fv2%2Fcomments&post=16648"}],"version-history":[{"count":0,"href":"https:\/\/agromt.news\/index.php?rest_route=\/wp\/v2\/posts\/16648\/revisions"}],"wp:featuredmedia":[{"embeddable":true,"href":"https:\/\/agromt.news\/index.php?rest_route=\/wp\/v2\/media\/2637"}],"wp:attachment":[{"href":"https:\/\/agromt.news\/index.php?rest_route=%2Fwp%2Fv2%2Fmedia&parent=16648"}],"wp:term":[{"taxonomy":"category","embeddable":true,"href":"https:\/\/agromt.news\/index.php?rest_route=%2Fwp%2Fv2%2Fcategories&post=16648"},{"taxonomy":"post_tag","embeddable":true,"href":"https:\/\/agromt.news\/index.php?rest_route=%2Fwp%2Fv2%2Ftags&post=16648"}],"curies":[{"name":"wp","href":"https:\/\/api.w.org\/{rel}","templated":true}]}}