{"id":16643,"date":"2025-07-12T13:36:51","date_gmt":"2025-07-12T17:36:51","guid":{"rendered":"https:\/\/agromt.news\/?p=16643"},"modified":"2025-07-12T13:36:51","modified_gmt":"2025-07-12T17:36:51","slug":"pastagens-de-inverno-ganham-forca-com-tempo-seco","status":"publish","type":"post","link":"https:\/\/agromt.news\/?p=16643","title":{"rendered":"Pastagens de inverno ganham for\u00e7a com tempo seco"},"content":{"rendered":"<p> <br \/>\n<\/p>\n<div>\n<p style=\"text-align:justify\">O Informativo Conjuntural divulgado nesta quinta-feira (10) pela Emater\/RS-Ascar aponta que as condi\u00e7\u00f5es clim\u00e1ticas no Rio Grande do Sul continuam afetando o desenvolvimento das <a href=\"https:\/\/www.agrolink.com.br\/culturas\/pastagens?utm_source=agrolink-detalhe-noticia&amp;utm_medium=detalhe-noticia&amp;utm_campaign=links-internos\" target=\"_blank\" rel=\"noopener\">pastagens<\/a>. O predom\u00ednio de dias ensolarados e clima seco favoreceu o crescimento das forrageiras anuais de inverno e a realiza\u00e7\u00e3o das aduba\u00e7\u00f5es nitrogenadas. Em algumas \u00e1reas, o pastejo foi liberado devido \u00e0 umidade remanescente no solo, mas a suplementa\u00e7\u00e3o alimentar dos rebanhos ainda \u00e9 necess\u00e1ria, especialmente diante da redu\u00e7\u00e3o da produ\u00e7\u00e3o e da qualidade dos campos nativos.&#13;\n<\/p>\n<p style=\"text-align:justify\">Na regi\u00e3o de Bag\u00e9, a qualidade das pastagens \u00e9 considerada satisfat\u00f3ria, embora o excesso de umidade das semanas anteriores, somado \u00e0s geadas, tenha comprometido o crescimento de forrageiras como aveia e azev\u00e9m. O campo nativo tamb\u00e9m foi afetado, com queda significativa na oferta e qualidade do alimento dispon\u00edvel. Em Hulha Negra, os produtores iniciaram o uso das pastagens de azev\u00e9m, enquanto em S\u00e3o Gabriel as pastagens perenes de ver\u00e3o foram queimadas pelas geadas.<\/p>\n<p style=\"text-align:justify\">Em Itaqui, forrageiras que ficaram submersas anteriormente tiveram o rebrote prejudicado devido ao ac\u00famulo de lama nas folhas. Na regi\u00e3o de Caxias do Sul, o pastejo tem ocorrido apenas em \u00e1reas de <a href=\"https:\/\/www.agrolink.com.br\/culturas\/aveia?utm_source=agrolink-detalhe-noticia&amp;utm_medium=detalhe-noticia&amp;utm_campaign=links-internos\" target=\"_blank\" rel=\"noopener\">aveia<\/a>, uma vez que o azev\u00e9m ainda n\u00e3o atingiu o desenvolvimento ideal. As \u00e1reas com <a href=\"https:\/\/www.agrolink.com.br\/culturas\/trigo\/?utm_source=agrolink-detalhe-noticia&amp;utm_medium=detalhe-noticia&amp;utm_campaign=links-internos\" target=\"_blank\" rel=\"noopener\">trigo<\/a> de pastoreio e campo nativo melhorado apresentam baixo crescimento, e parte dos produtores n\u00e3o conseguiu concluir ou ter\u00e1 de refazer a semeadura.&#13;\n<\/p>\n<p style=\"text-align:justify\">Em Erechim, as geadas e o frio comprometeram a massa verde dispon\u00edvel nas pastagens nativas e de ver\u00e3o. J\u00e1 as esp\u00e9cies de inverno foram favorecidas pelas condi\u00e7\u00f5es de solo e luminosidade. Em Frederico Westphalen, a implanta\u00e7\u00e3o de cereais de inverno avan\u00e7ou, mas a aplica\u00e7\u00e3o de fertilizantes ficou comprometida pela umidade excessiva. As pastagens perenes est\u00e3o no final do ciclo e com menor valor nutricional.<\/p>\n<p style=\"text-align:justify\">Na regi\u00e3o de Iju\u00ed, o frio causou queimaduras nas folhas, mas sem impacto significativo. As \u00e1reas com trigo para pastoreio apresentaram bom rebrote e perfilhamento. Em Passo Fundo, a diminui\u00e7\u00e3o da umidade permitiu a retomada dos pastoreios, com trigo, cevada e triticale em fase inicial de desenvolvimento.&#13;\n<\/p>\n<p style=\"text-align:justify\">Nas regi\u00f5es de Pelotas e Porto Alegre, o frio intenso paralisou o crescimento das forrageiras. Em Santa Maria e Soledade, embora o tempo ensolarado tenha favorecido a retomada do crescimento das pastagens de inverno, o ritmo permanece lento devido \u00e0s geadas. Nos campos nativos, os danos foram mais severos. Em Santa Rosa, a recupera\u00e7\u00e3o das pastagens \u00e9 vis\u00edvel, mas o atraso no plantio e germina\u00e7\u00e3o ainda limita a disponibilidade de forragem.<\/p>\n<\/p><\/div>\n<p><script data-cfasync=\"false\">\n    !function (f, b, e, v, n, t, s) {\n        if (f.fbq) return; n = f.fbq = function () {\n            n.callMethod ?\n                n.callMethod.apply(n, arguments) : n.queue.push(arguments)\n        };\n        if (!f._fbq) f._fbq = n; n.push = n; n.loaded = !0; n.version = '2.0';\n        n.queue = []; t = b.createElement(e); t.async = !0;\n        t.src = v; s = b.getElementsByTagName(e)[0];\n        s.parentNode.insertBefore(t, s)\n    }(window, document, 'script',\n        'https:\/\/connect.facebook.net\/en_US\/fbevents.js');\n    fbq('init', '522546078623747');\n    fbq('track', 'PageView');\n<\/script><br \/>\n<br \/><br \/>\n<br \/><a href=\"https:\/\/www.agrolink.com.br\/noticias\/pastagens-de-inverno-ganham-forca-com-tempo-seco_503846.html\">Source link <\/a><\/p>\n","protected":false},"excerpt":{"rendered":"<p>O Informativo Conjuntural divulgado nesta quinta-feira (10) pela Emater\/RS-Ascar aponta que as condi\u00e7\u00f5es clim\u00e1ticas no Rio Grande do Sul continuam<\/p>\n","protected":false},"author":1,"featured_media":2005,"comment_status":"open","ping_status":"open","sticky":false,"template":"","format":"standard","meta":{"_monsterinsights_skip_tracking":false,"_monsterinsights_sitenote_active":false,"_monsterinsights_sitenote_note":"","_monsterinsights_sitenote_category":0,"_uf_show_specific_survey":0,"_uf_disable_surveys":false,"footnotes":""},"categories":[8,1,14],"tags":[],"class_list":["post-16643","post","type-post","status-publish","format-standard","has-post-thumbnail","hentry","category-agro","category-news","category-politica-agro"],"_links":{"self":[{"href":"https:\/\/agromt.news\/index.php?rest_route=\/wp\/v2\/posts\/16643"}],"collection":[{"href":"https:\/\/agromt.news\/index.php?rest_route=\/wp\/v2\/posts"}],"about":[{"href":"https:\/\/agromt.news\/index.php?rest_route=\/wp\/v2\/types\/post"}],"author":[{"embeddable":true,"href":"https:\/\/agromt.news\/index.php?rest_route=\/wp\/v2\/users\/1"}],"replies":[{"embeddable":true,"href":"https:\/\/agromt.news\/index.php?rest_route=%2Fwp%2Fv2%2Fcomments&post=16643"}],"version-history":[{"count":0,"href":"https:\/\/agromt.news\/index.php?rest_route=\/wp\/v2\/posts\/16643\/revisions"}],"wp:featuredmedia":[{"embeddable":true,"href":"https:\/\/agromt.news\/index.php?rest_route=\/wp\/v2\/media\/2005"}],"wp:attachment":[{"href":"https:\/\/agromt.news\/index.php?rest_route=%2Fwp%2Fv2%2Fmedia&parent=16643"}],"wp:term":[{"taxonomy":"category","embeddable":true,"href":"https:\/\/agromt.news\/index.php?rest_route=%2Fwp%2Fv2%2Fcategories&post=16643"},{"taxonomy":"post_tag","embeddable":true,"href":"https:\/\/agromt.news\/index.php?rest_route=%2Fwp%2Fv2%2Ftags&post=16643"}],"curies":[{"name":"wp","href":"https:\/\/api.w.org\/{rel}","templated":true}]}}