{"id":16642,"date":"2025-07-12T13:31:01","date_gmt":"2025-07-12T17:31:01","guid":{"rendered":"https:\/\/agromt.news\/?p=16642"},"modified":"2025-07-12T13:31:01","modified_gmt":"2025-07-12T17:31:01","slug":"trump-impoe-tarifas-ao-mexico-e-a-uniao-europeia","status":"publish","type":"post","link":"https:\/\/agromt.news\/?p=16642","title":{"rendered":"Trump imp\u00f5e tarifas ao M\u00e9xico e \u00e0 Uni\u00e3o Europeia"},"content":{"rendered":"<p> <br \/>\n<br \/><img decoding=\"async\" src=\"https:\/\/agromt.news\/wp-content\/uploads\/2025\/07\/Trump-rompe-tradicao-diplomatica-e-usa-tarifa-de-50-para.jpg\" \/><\/p>\n<div>\n<p>O <a href=\"https:\/\/www.canalrural.com.br\/?s=Donald+Trump\">presidente <\/a>dos Estados Unidos, Donald Trump, anunciou neste s\u00e1bado (12) novas tarifas de 30% sobre produtos importados do M\u00e9xico e da Uni\u00e3o Europeia. A medida deve entrar em vigor a partir de 1\u00ba de agosto e amplia o escopo da nova ofensiva comercial americana, que j\u00e1 inclui Brasil, Jap\u00e3o, Coreia do Sul e Canad\u00e1.<\/p>\n<p>O an\u00fancio de Trump ocorre em um momento de crescente tens\u00e3o comercial entre os Estados Unidos e seus principais parceiros. Desde que reassumiu a presid\u00eancia, o republicano tem adotado uma postura agressiva nas negocia\u00e7\u00f5es internacionais, buscando rever acordos e impor tarifas como forma de pressionar por mudan\u00e7as nas regras comerciais. A justificativa central tem sido a prote\u00e7\u00e3o da ind\u00fastria americana e a corre\u00e7\u00e3o de d\u00e9ficits considerados excessivos. A nova rodada de tarifas, agora voltada ao M\u00e9xico e \u00e0 Uni\u00e3o Europeia, reflete essa estrat\u00e9gia e aprofunda o clima de instabilidade nos mercados globais.<\/p>\n<\/div>\n<div>\n<p>O an\u00fancio foi feito diretamente nas redes sociais do presidente, acompanhado da divulga\u00e7\u00e3o de cartas enviadas \u00e0 presidente da Comiss\u00e3o Europeia, Ursula von der Leyen, e \u00e0 presidente do M\u00e9xico, Claudia Sheinbaum. Nos documentos, datados da sexta-feira (11), Trump justifica as tarifas como \u201cnecess\u00e1rias\u201d para proteger os interesses norte-americanos e afirma que novas retalia\u00e7\u00f5es contra os EUA poder\u00e3o resultar em impostos ainda mais altos.<\/p>\n<p>Em carta endere\u00e7ada \u00e0 presidente da Comiss\u00e3o Europeia, Donald Trump afirmou que os Estados Unidos n\u00e3o podem mais tolerar os d\u00e9ficits comerciais persistentes com a Uni\u00e3o Europeia, que classificou como resultado de pol\u00edticas tarif\u00e1rias e n\u00e3o tarif\u00e1rias injustas adotadas pelo bloco. Segundo o presidente, a rela\u00e7\u00e3o comercial entre as duas pot\u00eancias tem sido desequilibrada h\u00e1 anos. \u201cNosso relacionamento tem sido, infelizmente, longe de ser rec\u00edproco\u201d, escreveu Trump, ao defender a tarifa de 30% como uma forma de corrigir esse desequil\u00edbrio. Em 2024, o d\u00e9ficit comercial dos EUA com a UE chegou a US$ 235,6 bilh\u00f5es, segundo dados oficiais do governo americano.<\/p>\n<p>A resposta europeia veio poucas horas depois. Ursula von der Leyen alertou que a imposi\u00e7\u00e3o da tarifa comprometeria cadeias de suprimentos transatl\u00e2nticas vitais, afetando negativamente empresas, consumidores e at\u00e9 pacientes nos dois continentes. A l\u00edder da Comiss\u00e3o Europeia afirmou que o bloco segue aberto ao di\u00e1logo, mas sinalizou que n\u00e3o aceitar\u00e1 passivamente as medidas unilaterais de Washington. \u201cTomaremos todas as medidas necess\u00e1rias para proteger os interesses da UE, incluindo a ado\u00e7\u00e3o de contramedidas proporcionais, se necess\u00e1rio\u201d, declarou. Apesar da tens\u00e3o, os 27 pa\u00edses-membros da Uni\u00e3o Europeia ainda esperam um desfecho diplom\u00e1tico antes do prazo de 1\u00ba de agosto.<\/p>\n<\/p><\/div>\n<p><br \/>\n<br \/><a href=\"https:\/\/www.canalrural.com.br\/internacional\/trump-impoe-tarifas-ao-mexico-e-a-uniao-europeia\/\">Source link <\/a><\/p>\n","protected":false},"excerpt":{"rendered":"<p>O presidente dos Estados Unidos, Donald Trump, anunciou neste s\u00e1bado (12) novas tarifas de 30% sobre produtos importados do M\u00e9xico<\/p>\n","protected":false},"author":1,"featured_media":16496,"comment_status":"open","ping_status":"open","sticky":false,"template":"","format":"standard","meta":{"_monsterinsights_skip_tracking":false,"_monsterinsights_sitenote_active":false,"_monsterinsights_sitenote_note":"","_monsterinsights_sitenote_category":0,"_uf_show_specific_survey":0,"_uf_disable_surveys":false,"footnotes":""},"categories":[1],"tags":[],"class_list":["post-16642","post","type-post","status-publish","format-standard","has-post-thumbnail","hentry","category-news"],"_links":{"self":[{"href":"https:\/\/agromt.news\/index.php?rest_route=\/wp\/v2\/posts\/16642"}],"collection":[{"href":"https:\/\/agromt.news\/index.php?rest_route=\/wp\/v2\/posts"}],"about":[{"href":"https:\/\/agromt.news\/index.php?rest_route=\/wp\/v2\/types\/post"}],"author":[{"embeddable":true,"href":"https:\/\/agromt.news\/index.php?rest_route=\/wp\/v2\/users\/1"}],"replies":[{"embeddable":true,"href":"https:\/\/agromt.news\/index.php?rest_route=%2Fwp%2Fv2%2Fcomments&post=16642"}],"version-history":[{"count":0,"href":"https:\/\/agromt.news\/index.php?rest_route=\/wp\/v2\/posts\/16642\/revisions"}],"wp:featuredmedia":[{"embeddable":true,"href":"https:\/\/agromt.news\/index.php?rest_route=\/wp\/v2\/media\/16496"}],"wp:attachment":[{"href":"https:\/\/agromt.news\/index.php?rest_route=%2Fwp%2Fv2%2Fmedia&parent=16642"}],"wp:term":[{"taxonomy":"category","embeddable":true,"href":"https:\/\/agromt.news\/index.php?rest_route=%2Fwp%2Fv2%2Fcategories&post=16642"},{"taxonomy":"post_tag","embeddable":true,"href":"https:\/\/agromt.news\/index.php?rest_route=%2Fwp%2Fv2%2Ftags&post=16642"}],"curies":[{"name":"wp","href":"https:\/\/api.w.org\/{rel}","templated":true}]}}