{"id":16635,"date":"2025-07-12T10:13:02","date_gmt":"2025-07-12T14:13:02","guid":{"rendered":"https:\/\/agromt.news\/?p=16635"},"modified":"2025-07-12T10:13:02","modified_gmt":"2025-07-12T14:13:02","slug":"frio-aumenta-riscos-de-doencas-respiratorias-em-bovinos-e-exige-atencao-de-pecuaristas","status":"publish","type":"post","link":"https:\/\/agromt.news\/?p=16635","title":{"rendered":"Frio aumenta riscos de doen\u00e7as respirat\u00f3rias em bovinos e exige aten\u00e7\u00e3o de pecuaristas"},"content":{"rendered":"<p> <br \/>\n<br \/><img decoding=\"async\" src=\"https:\/\/agromt.news\/wp-content\/uploads\/2025\/07\/Frio-aumenta-riscos-de-doencas-respiratorias-em-bovinos-e-exige.jpg\" \/><\/p>\n<div>\n<p>As recentes <a href=\"https:\/\/www.canalrural.com.br\/?s=onda+de+frio\">ondas de frio<\/a> registradas na regi\u00e3o Centro-Sul do Brasil acendem o alerta para os <a href=\"https:\/\/www.canalrural.com.br\/pecuaria\/\">pecuaristas<\/a>. Al\u00e9m dos impactos nas lavouras, as baixas temperaturas aumentam os riscos de doen\u00e7as respirat\u00f3rias em bovinos, tanto de corte quanto de leite. <\/p>\n<figure class=\"wp-block-embed is-type-video is-provider-youtube wp-block-embed-youtube wp-embed-aspect-16-9 wp-has-aspect-ratio\">\n<p>\n<iframe title=\"Frio intenso aumenta risco de doen\u00e7as respirat\u00f3rias em bovinos | Raio-X da pecu\u00e1ria\" width=\"800\" height=\"450\" src=\"https:\/\/www.youtube.com\/embed\/wjniFEyMkNY?feature=oembed\" frameborder=\"0\" allow=\"accelerometer; autoplay; clipboard-write; encrypted-media; gyroscope; picture-in-picture; web-share\" referrerpolicy=\"strict-origin-when-cross-origin\" allowfullscreen><\/iframe>\n<\/p>\n<\/figure>\n<p>Segundo o m\u00e9dico veterin\u00e1rio, Eduardo Bignami, as doen\u00e7as respirat\u00f3rias s\u00e3o multifatoriais e se intensificam nesta \u00e9poca do ano devido \u00e0 combina\u00e7\u00e3o entre desconforto t\u00e9rmico, baixa umidade do ar e manejo inadequado em confinamentos. As principais enfermidades virais s\u00e3o a Rinotraque\u00edte Infecciosa Bovina (IBR), Diarreia Viral Bovina (BVD) e a Parainfluenza tipo 3. J\u00e1 entre as bacterianas, est\u00e3o a Pasteurella e o Micoplasma.<\/p>\n<\/div>\n<div>\n<h2 class=\"wp-block-heading\" id=\"h-sintomas-em-bovinos\">Sintomas em bovinos<\/h2>\n<p>Os sintomas em bovinos que devem acender o sinal de alerta nos pecuaristas incluem tosse seca ou produtiva, secre\u00e7\u00e3o nasal que pode ser unilateral ou bilateral, febre, falta de apetite e apatia. Nos bezerros, a evolu\u00e7\u00e3o da doen\u00e7a costuma ser mais r\u00e1pida e agressiva devido \u00e0 imaturidade do sistema imunol\u00f3gico. Um bezerro pode ir de um sintoma leve \u00e0 prostra\u00e7\u00e3o em quest\u00e3o de horas, segundo Binhami.<\/p>\n<h2 class=\"wp-block-heading\" id=\"h-quais-as-orientacoes\">Quais as orienta\u00e7\u00f5es?<\/h2>\n<p>Para prevenir surtos em bovinos, o veterin\u00e1rio destaca a import\u00e2ncia do manejo adequado, principalmente em sistemas intensivos de produ\u00e7\u00e3o. \u00c9 fundamental controlar a lota\u00e7\u00e3o nos confinamentos e est\u00e1bulos, garantir boa ventila\u00e7\u00e3o e monitorar a produ\u00e7\u00e3o de gases como a am\u00f4nia, que irrita as vias respirat\u00f3rias e facilita a dissemina\u00e7\u00e3o de agentes pat\u00f3genos. <\/p>\n<p>A atua\u00e7\u00e3o de profissionais qualificados tamb\u00e9m \u00e9 essencial para orientar o produtor nas decis\u00f5es di\u00e1rias. Com as temperaturas em queda, o cuidado com a sa\u00fade do rebanho precisa ser refor\u00e7ado. A preven\u00e7\u00e3o \u00e9 o melhor caminho para proteger os animais e evitar preju\u00edzos durante o inverno.<\/p>\n<\/p><\/div>\n<p><br \/>\n<br \/><a href=\"https:\/\/www.canalrural.com.br\/pecuaria\/frio-aumenta-riscos-de-doencas-respiratorias-em-bovinos-e-exige-atencao-de-pecuaristas\/\">Source link <\/a><\/p>\n","protected":false},"excerpt":{"rendered":"<p>As recentes ondas de frio registradas na regi\u00e3o Centro-Sul do Brasil acendem o alerta para os pecuaristas. Al\u00e9m dos impactos<\/p>\n","protected":false},"author":1,"featured_media":16636,"comment_status":"open","ping_status":"open","sticky":false,"template":"","format":"standard","meta":{"_monsterinsights_skip_tracking":false,"_monsterinsights_sitenote_active":false,"_monsterinsights_sitenote_note":"","_monsterinsights_sitenote_category":0,"_uf_show_specific_survey":0,"_uf_disable_surveys":false,"footnotes":""},"categories":[1],"tags":[],"class_list":["post-16635","post","type-post","status-publish","format-standard","has-post-thumbnail","hentry","category-news"],"_links":{"self":[{"href":"https:\/\/agromt.news\/index.php?rest_route=\/wp\/v2\/posts\/16635"}],"collection":[{"href":"https:\/\/agromt.news\/index.php?rest_route=\/wp\/v2\/posts"}],"about":[{"href":"https:\/\/agromt.news\/index.php?rest_route=\/wp\/v2\/types\/post"}],"author":[{"embeddable":true,"href":"https:\/\/agromt.news\/index.php?rest_route=\/wp\/v2\/users\/1"}],"replies":[{"embeddable":true,"href":"https:\/\/agromt.news\/index.php?rest_route=%2Fwp%2Fv2%2Fcomments&post=16635"}],"version-history":[{"count":0,"href":"https:\/\/agromt.news\/index.php?rest_route=\/wp\/v2\/posts\/16635\/revisions"}],"wp:featuredmedia":[{"embeddable":true,"href":"https:\/\/agromt.news\/index.php?rest_route=\/wp\/v2\/media\/16636"}],"wp:attachment":[{"href":"https:\/\/agromt.news\/index.php?rest_route=%2Fwp%2Fv2%2Fmedia&parent=16635"}],"wp:term":[{"taxonomy":"category","embeddable":true,"href":"https:\/\/agromt.news\/index.php?rest_route=%2Fwp%2Fv2%2Fcategories&post=16635"},{"taxonomy":"post_tag","embeddable":true,"href":"https:\/\/agromt.news\/index.php?rest_route=%2Fwp%2Fv2%2Ftags&post=16635"}],"curies":[{"name":"wp","href":"https:\/\/api.w.org\/{rel}","templated":true}]}}