{"id":16632,"date":"2025-07-12T09:41:29","date_gmt":"2025-07-12T13:41:29","guid":{"rendered":"https:\/\/agromt.news\/?p=16632"},"modified":"2025-07-12T09:41:29","modified_gmt":"2025-07-12T13:41:29","slug":"produtores-avancam-no-preparo-da-safra-de-tabaco-2024-25","status":"publish","type":"post","link":"https:\/\/agromt.news\/?p=16632","title":{"rendered":"Produtores avan\u00e7am no preparo da safra de tabaco 2024\/25"},"content":{"rendered":"<p> <br \/>\n<\/p>\n<div>\n<div class=\"row\">\n<div class=\"col-lg col-infos mt-0 mt-lg-0\">\n<div class=\"section-sub-title\">\n<p itemprop=\"description\">&#13;<br \/>\n                                Mudas de tabaco sofrem com clima e doen\u00e7as&#13;<br \/>\n&#13;<br \/>\n&#13;\n                            <\/p>\n<\/p><\/div>\n<div class=\"container\">\n<div class=\"row\">\n<div class=\"col-lg p-0\">\n<div>\n<div class=\"block-news-main-infos mt-3 text-start\">\n<p>                                            <strong class=\"fn\" itemprop=\"author\" style=\"color: rgb(112, 112, 112); \">&#13;<br \/>\n                                                <a href=\"https:\/\/www.agrolink.com.br\/noticias\/javascript:;\" class=\"text-uppercase\" target=\"_blank\" style=\"color: rgb(112, 112, 112); \" rel=\"noopener\">Agrolink<\/a>&#13;<br \/>\n&#13;<br \/>\n                                                    &#8211; Seane Lennon&#13;<br \/>\n&#13;<br \/>\n                                            <\/strong><br \/>\n                                        <\/p>\n<p>                                            <abbr><time datetime=\"2025-07-11T14:50\" itemprop=\"datePublished dateModified\">Publicado em 11\/07\/2025 \u00e0s 14:50h.<\/time><\/abbr><br \/>\n                                            <\/p><\/div>\n<\/p><\/div>\n<\/p><\/div>\n<div class=\"col-lg p-0 text-lg-end\">\n<div>\n<div id=\"mdEnviarPagina\" class=\"modal fade\" role=\"dialog\">\n<div class=\"modal-dialog\">\n<div class=\"modal-content\">\n<div class=\"modal-body\">\n<p><strong>Estimado usu\u00e1rio.<\/strong><br \/>Preencha o formul\u00e1rio abaixo para remeter a p\u00e1gina.<\/p>\n<\/p><\/div>\n<\/p><\/div>\n<\/p><\/div>\n<\/div><\/div>\n<\/p><\/div>\n<\/p><\/div>\n<\/p><\/div>\n<\/p><\/div>\n<\/p><\/div>\n<div class=\"row justify-content-md-center mt-3\">\n<div class=\"col-lg-auto col-image block-news-main-image\">\n<p>                                <img decoding=\"async\" src=\"https:\/\/www.agrolink.com.br\/upload\/imagens-resizes\/652d598cbcf34d5ea5072c2e628ca5af_858x483.jpg\" class=\"lazyload img-fluid\"\/><br \/>\n                                                <span class=\"publicity-photo d-block mt-1\">Foto: Pixabay<\/span><\/p><\/div>\n<\/p><\/div>\n<div class=\"section-description section-description-noticias mt-3\">\n<p style=\"text-align:justify\">O Informativo Conjuntural da Emater\/RS-Ascar, divulgado nesta quinta-feira (10), aponta que os produtores de <a href=\"https:\/\/www.agrolink.com.br\/culturas\/fumo\/?utm_source=agrolink-detalhe-noticia&amp;utm_medium=detalhe-noticia&amp;utm_campaign=links-internos\" target=\"_blank\" rel=\"noopener\">tabaco<\/a>\u00a0do Rio Grande do Sul seguem com os preparativos para a pr\u00f3xima safra. Na regi\u00e3o de Pelotas, as atividades se concentram na elabora\u00e7\u00e3o de canteiros e na semeadura de <a href=\"https:\/\/www.agrolink.com.br\/fertilizantes\/adubacao-organica\/adubacao-verde---o-que-voce-precisa-saber_454787.html?utm_source=agrolink-detalhe-noticia&amp;utm_medium=detalhe-noticia&amp;utm_campaign=links-internos\" target=\"_blank\" rel=\"noopener\">plantas de cobertura<\/a>, como <a href=\"https:\/\/www.agrolink.com.br\/culturas\/aveia?utm_source=agrolink-detalhe-noticia&amp;utm_medium=detalhe-noticia&amp;utm_campaign=links-internos\" target=\"_blank\" rel=\"noopener\">aveia<\/a> preta, <a href=\"https:\/\/www.agrolink.com.br\/culturas\/aveia?utm_source=agrolink-detalhe-noticia&amp;utm_medium=detalhe-noticia&amp;utm_campaign=links-internos\" target=\"_blank\" rel=\"noopener\">aveia<\/a> ucraniana e centeio, pr\u00e1ticas que antecedem o plantio direto das mudas. A produ\u00e7\u00e3o tem ocorrido, em sua maioria, por meio do sistema floating.&#13;\n<\/p>\n<p style=\"text-align:justify\">Segundo o boletim, os produtores que ainda mant\u00eam tabaco seco em galp\u00f5es intensificaram a comercializa\u00e7\u00e3o diante da recente valoriza\u00e7\u00e3o dos pre\u00e7os. As empresas devem encerrar as compras ainda neste m\u00eas. Os valores pagos variam entre R$ 300 e R$ 350 por arroba, abaixo dos registrados na safra anterior.<\/p>\n<p style=\"text-align:justify\">Na regi\u00e3o de Santa Rosa, os t\u00e9cnicos registram o in\u00edcio do primeiro repique nas bandejas. Entretanto, foram relatadas perdas em lavouras j\u00e1 implantadas, em decorr\u00eancia das geadas. Tamb\u00e9m foram identificadas ocorr\u00eancias de fungos nas mudas, o que levou \u00e0 intensifica\u00e7\u00e3o dos tratamentos fitossanit\u00e1rios.&#13;\n<\/p>\n<p style=\"text-align:justify\">Em Soledade, a maior parte da produ\u00e7\u00e3o j\u00e1 foi comercializada. No momento, os produtores realizam o preparo do solo, a constru\u00e7\u00e3o de camalh\u00f5es e a semeadura de plantas de cobertura, especialmente em regi\u00f5es mais elevadas. No Vale do Rio Pardo, essas etapas j\u00e1 foram conclu\u00eddas, e as plantas apresentam bom desenvolvimento. Nas poucas lavouras que j\u00e1 t\u00eam mudas de tabaco implantadas no campo \u2014 o que ainda \u00e9 at\u00edpico para o per\u00edodo \u2014, as geadas causaram impactos limitados. Observa-se ainda, segundo o informativo, uma tend\u00eancia de antecipa\u00e7\u00e3o no plantio a campo, principalmente em regi\u00f5es de menor altitude.<\/p>\n<\/p><\/div>\n<\/p><\/div>\n<p><script data-cfasync=\"false\">\n    !function (f, b, e, v, n, t, s) {\n        if (f.fbq) return; n = f.fbq = function () {\n            n.callMethod ?\n                n.callMethod.apply(n, arguments) : n.queue.push(arguments)\n        };\n        if (!f._fbq) f._fbq = n; n.push = n; n.loaded = !0; n.version = '2.0';\n        n.queue = []; t = b.createElement(e); t.async = !0;\n        t.src = v; s = b.getElementsByTagName(e)[0];\n        s.parentNode.insertBefore(t, s)\n    }(window, document, 'script',\n        'https:\/\/connect.facebook.net\/en_US\/fbevents.js');\n    fbq('init', '522546078623747');\n    fbq('track', 'PageView');\n<\/script><br \/>\n<br \/><br \/>\n<br \/><a href=\"https:\/\/www.agrolink.com.br\/noticias\/produtores-avancam-no-preparo-da-safra-de-tabaco-2024-25_503851.html\">Source link <\/a><\/p>\n","protected":false},"excerpt":{"rendered":"<p>&#13; Mudas de tabaco sofrem com clima e doen\u00e7as&#13; &#13; &#13; &#13; Agrolink&#13; &#13; &#8211; Seane Lennon&#13; &#13; Publicado em<\/p>\n","protected":false},"author":1,"featured_media":11533,"comment_status":"open","ping_status":"open","sticky":false,"template":"","format":"standard","meta":{"_monsterinsights_skip_tracking":false,"_monsterinsights_sitenote_active":false,"_monsterinsights_sitenote_note":"","_monsterinsights_sitenote_category":0,"_uf_show_specific_survey":0,"_uf_disable_surveys":false,"footnotes":""},"categories":[8,1,14],"tags":[],"class_list":["post-16632","post","type-post","status-publish","format-standard","has-post-thumbnail","hentry","category-agro","category-news","category-politica-agro"],"_links":{"self":[{"href":"https:\/\/agromt.news\/index.php?rest_route=\/wp\/v2\/posts\/16632"}],"collection":[{"href":"https:\/\/agromt.news\/index.php?rest_route=\/wp\/v2\/posts"}],"about":[{"href":"https:\/\/agromt.news\/index.php?rest_route=\/wp\/v2\/types\/post"}],"author":[{"embeddable":true,"href":"https:\/\/agromt.news\/index.php?rest_route=\/wp\/v2\/users\/1"}],"replies":[{"embeddable":true,"href":"https:\/\/agromt.news\/index.php?rest_route=%2Fwp%2Fv2%2Fcomments&post=16632"}],"version-history":[{"count":0,"href":"https:\/\/agromt.news\/index.php?rest_route=\/wp\/v2\/posts\/16632\/revisions"}],"wp:featuredmedia":[{"embeddable":true,"href":"https:\/\/agromt.news\/index.php?rest_route=\/wp\/v2\/media\/11533"}],"wp:attachment":[{"href":"https:\/\/agromt.news\/index.php?rest_route=%2Fwp%2Fv2%2Fmedia&parent=16632"}],"wp:term":[{"taxonomy":"category","embeddable":true,"href":"https:\/\/agromt.news\/index.php?rest_route=%2Fwp%2Fv2%2Fcategories&post=16632"},{"taxonomy":"post_tag","embeddable":true,"href":"https:\/\/agromt.news\/index.php?rest_route=%2Fwp%2Fv2%2Ftags&post=16632"}],"curies":[{"name":"wp","href":"https:\/\/api.w.org\/{rel}","templated":true}]}}