{"id":16629,"date":"2025-07-12T08:33:27","date_gmt":"2025-07-12T12:33:27","guid":{"rendered":"https:\/\/agromt.news\/?p=16629"},"modified":"2025-07-12T08:33:27","modified_gmt":"2025-07-12T12:33:27","slug":"voce-ja-utilizou-ou-conhece-o-plano-safra","status":"publish","type":"post","link":"https:\/\/agromt.news\/?p=16629","title":{"rendered":"Voc\u00ea j\u00e1 utilizou ou conhece o Plano Safra?"},"content":{"rendered":"<p> <br \/>\n<\/p>\n<div>\n<p>Na interatividade da semana, fizemos a seguinte pergunta: Voc\u00ea, pequeno empreendedor rural, j\u00e1 utilizou ou conhece o <a href=\"https:\/\/www.canalrural.com.br\/agricultura\/plano-safra-da-agricultura-familiar-setor-ve-avancos-mas-cobra-menos-burocracia-no-credito\/\">Plano Safra<\/a>? <\/p>\n<figure class=\"wp-block-image size-large\"><img fetchpriority=\"high\" decoding=\"async\" width=\"1024\" height=\"304\" alt=\"\" class=\"wp-image-4109390\"  data-lazy- src=\"https:\/\/agromt.news\/wp-content\/uploads\/2025\/07\/Voce-ja-utilizou-ou-conhece-o-Plano-Safra.jpg\"\/><img decoding=\"async\" width=\"1024\" height=\"304\" src=\"https:\/\/agromt.news\/wp-content\/uploads\/2025\/07\/Voce-ja-utilizou-ou-conhece-o-Plano-Safra.jpg\" alt=\"\" class=\"wp-image-4109390\"  \/><\/figure>\n<p>Para entender melhor os resultados, conversamos com Miguel Daoud, comentarista do Canal Rural. Segundo ele, os n\u00fameros refor\u00e7am a necessidade urgente de ampliar o alcance das pol\u00edticas p\u00fablicas rurais, especialmente entre os pequenos produtores.<\/p>\n<p>O resultado da pesquisa mostrou a maioria dos participantes, 42%, respondeu: \u201cTenho poucas informa\u00e7\u00f5es sobre o Plano Safra\u201d. Esse dado evidencia o quanto a desinforma\u00e7\u00e3o no campo pode ser um dos principais gargalos para o desenvolvimento da agricultura familiar e do pequeno empreendedor rural.<\/p>\n<p>Al\u00e9m disso, 31% dos produtores afirmaram: \u201cConhe\u00e7o, mas nunca utilizei\u201d. Esse n\u00famero sugere que, mesmo com algum conhecimento sobre o programa, muitos produtores enfrentam dificuldades para acessar o cr\u00e9dito rural, seja por barreiras burocr\u00e1ticas, falta de orienta\u00e7\u00e3o t\u00e9cnica ou inseguran\u00e7a no processo.<\/p>\n<p>Por outro lado, apenas 27% dos participantes responderam: \u201cSim, j\u00e1 utilizei e foi importante para o meu neg\u00f3cio\u201d. Essa baixa ades\u00e3o refor\u00e7a o desafio de transformar informa\u00e7\u00e3o em a\u00e7\u00e3o, principalmente em regi\u00f5es mais distantes dos grandes centros, onde o acesso a conte\u00fados t\u00e9cnicos e explica\u00e7\u00f5es claras \u00e9 ainda mais limitado.<\/p>\n<p>Segundo Miguel Daoud, \u201cessa pesquisa \u00e9 muito importante para os produtores, pela desinforma\u00e7\u00e3o existente, que pode ser um grande gargalo para os pequenos levarem adiante sua atividade com recursos e aumentarem a renda. Mesmo quem conhece, muitos n\u00e3o aderem, provavelmente pelas dificuldades documentais.\u201d<\/p>\n<\/div>\n<div>\n<ul class=\"wp-block-list\">\n<li><em>Participe do Porteira Aberta Empreender: envie perguntas, sugest\u00f5es e conte sua hist\u00f3ria de empreendedorismo pelo <\/em><a href=\"https:\/\/api.whatsapp.com\/send?phone=5511932796720&amp;PorteiraAbertaEmpreender=SuaMensagem\"><strong>WhatsApp<\/strong><\/a><\/li>\n<\/ul>\n<p>Toda quinta-feira tem uma nova enquete no Porteira Aberta Empreender!<\/p>\n<p>Participe, envie sua opini\u00e3o e ajude a construir pautas ainda mais importantes para voc\u00ea, micro e pequeno empreendedor rural.<\/p>\n<p>A resposta da pergunta da semana vai ao ar todo s\u00e1bado no canal do <a href=\"https:\/\/www.youtube.com\/playlist?list=PL8fRHJSOpctjAnkcXTOlHZvyDr6rPdTwE\"><strong>YouTube<\/strong><\/a> do Canal Rural.<\/p>\n<p>Acompanhe!<\/p>\n<\/p><\/div>\n<p><br \/>\n<br \/><a href=\"https:\/\/www.canalrural.com.br\/empreendedorismo\/voce-ja-utilizou-ou-conhece-o-plano-safra\/\">Source link <\/a><\/p>\n","protected":false},"excerpt":{"rendered":"<p>Na interatividade da semana, fizemos a seguinte pergunta: Voc\u00ea, pequeno empreendedor rural, j\u00e1 utilizou ou conhece o Plano Safra? Para<\/p>\n","protected":false},"author":1,"featured_media":15999,"comment_status":"open","ping_status":"open","sticky":false,"template":"","format":"standard","meta":{"_monsterinsights_skip_tracking":false,"_monsterinsights_sitenote_active":false,"_monsterinsights_sitenote_note":"","_monsterinsights_sitenote_category":0,"_uf_show_specific_survey":0,"_uf_disable_surveys":false,"footnotes":""},"categories":[1],"tags":[],"class_list":["post-16629","post","type-post","status-publish","format-standard","has-post-thumbnail","hentry","category-news"],"_links":{"self":[{"href":"https:\/\/agromt.news\/index.php?rest_route=\/wp\/v2\/posts\/16629"}],"collection":[{"href":"https:\/\/agromt.news\/index.php?rest_route=\/wp\/v2\/posts"}],"about":[{"href":"https:\/\/agromt.news\/index.php?rest_route=\/wp\/v2\/types\/post"}],"author":[{"embeddable":true,"href":"https:\/\/agromt.news\/index.php?rest_route=\/wp\/v2\/users\/1"}],"replies":[{"embeddable":true,"href":"https:\/\/agromt.news\/index.php?rest_route=%2Fwp%2Fv2%2Fcomments&post=16629"}],"version-history":[{"count":0,"href":"https:\/\/agromt.news\/index.php?rest_route=\/wp\/v2\/posts\/16629\/revisions"}],"wp:featuredmedia":[{"embeddable":true,"href":"https:\/\/agromt.news\/index.php?rest_route=\/wp\/v2\/media\/15999"}],"wp:attachment":[{"href":"https:\/\/agromt.news\/index.php?rest_route=%2Fwp%2Fv2%2Fmedia&parent=16629"}],"wp:term":[{"taxonomy":"category","embeddable":true,"href":"https:\/\/agromt.news\/index.php?rest_route=%2Fwp%2Fv2%2Fcategories&post=16629"},{"taxonomy":"post_tag","embeddable":true,"href":"https:\/\/agromt.news\/index.php?rest_route=%2Fwp%2Fv2%2Ftags&post=16629"}],"curies":[{"name":"wp","href":"https:\/\/api.w.org\/{rel}","templated":true}]}}