{"id":16627,"date":"2025-07-12T05:49:49","date_gmt":"2025-07-12T09:49:49","guid":{"rendered":"https:\/\/agromt.news\/?p=16627"},"modified":"2025-07-12T05:49:49","modified_gmt":"2025-07-12T09:49:49","slug":"ipca-2025-deve-ficar-em-49-aponta-gep-brasil","status":"publish","type":"post","link":"https:\/\/agromt.news\/?p=16627","title":{"rendered":"IPCA 2025 deve ficar em 4,9%, aponta GEP Brasil"},"content":{"rendered":"<p> <br \/>\n<\/p>\n<div>\n<div class=\"row\">\n<div class=\"col-lg col-infos mt-0 mt-lg-0\">\n<div class=\"section-sub-title\">\n<p itemprop=\"description\">&#13;<br \/>\n                                Apesar da pol\u00edtica de juros elevados, o PIB manteve crescimento&#13;\n                            <\/p>\n<\/p><\/div>\n<div class=\"container\">\n<div class=\"row\">\n<div class=\"col-lg p-0\">\n<div>\n<div class=\"block-news-main-infos mt-3 text-start\">\n<p>                                            <strong class=\"fn\" itemprop=\"author\" style=\"color: rgb(112, 112, 112); \">&#13;<br \/>\n                                                <a href=\"https:\/\/www.agrolink.com.br\/noticias\/javascript:;\" class=\"text-uppercase\" target=\"_blank\" style=\"color: rgb(112, 112, 112); \" rel=\"noopener\">Agrolink<\/a>&#13;<br \/>\n&#13;<br \/>\n                                                    &#8211; Leonardo Gottems&#13;<br \/>\n&#13;<br \/>\n                                            <\/strong><br \/>\n                                        <\/p>\n<p>                                            <abbr><time datetime=\"2025-07-11T16:09\" itemprop=\"datePublished dateModified\">Publicado em 11\/07\/2025 \u00e0s 16:09h.<\/time><\/abbr><br \/>\n                                            <\/p><\/div>\n<\/p><\/div>\n<\/p><\/div>\n<div class=\"col-lg p-0 text-lg-end\">\n<div>\n<div id=\"mdEnviarPagina\" class=\"modal fade\" role=\"dialog\">\n<div class=\"modal-dialog\">\n<div class=\"modal-content\">\n<div class=\"modal-body\">\n<p><strong>Estimado usu\u00e1rio.<\/strong><br \/>Preencha o formul\u00e1rio abaixo para remeter a p\u00e1gina.<\/p>\n<\/p><\/div>\n<\/p><\/div>\n<\/p><\/div>\n<\/div><\/div>\n<\/p><\/div>\n<\/p><\/div>\n<\/p><\/div>\n<\/p><\/div>\n<\/p><\/div>\n<div class=\"row justify-content-md-center mt-3\">\n<div class=\"col-lg-auto col-image block-news-main-image\">\n<p>                                <img decoding=\"async\" src=\"https:\/\/www.agrolink.com.br\/upload\/imagens-resizes\/e9c0b330563345f48c5421a7b9f1260d_858x483.jpg\" class=\"lazyload img-fluid\" alt=\"Apesar da pol\u00edtica de juros elevados, o PIB manteve crescimento\"\/><br \/>\n                                                <span class=\"d-block mt-1\">Apesar da pol\u00edtica de juros elevados, o PIB manteve crescimento &#8211; Foto: Pixabay<\/span><\/p><\/div>\n<\/p><\/div>\n<div class=\"section-description section-description-noticias mt-3\">\n<p>A GEP Brasil projeta que o IPCA para 2025 ser\u00e1 de 4,9%, acima do teto da meta de 4,5% estabelecido pelo Conselho Monet\u00e1rio Nacional. Esse cen\u00e1rio \u00e9 impulsionado principalmente pela alta cont\u00ednua nos pre\u00e7os dos alimentos, com destaque para o grupo das carnes, que acumulou infla\u00e7\u00e3o de 23,5% at\u00e9 maio. A carne bovina teve aumento m\u00e9dio de 24%, seguida pela su\u00edna (21%) e de frango (11%).&#13;\n<\/p>\n<p>Apesar da pol\u00edtica de juros elevados, o PIB manteve crescimento de 3,5% nos \u00faltimos quatro trimestres at\u00e9 mar\u00e7o, o que mant\u00e9m o consumo aquecido e dificulta a queda da infla\u00e7\u00e3o no curto prazo. Por outro lado, \u00e9 poss\u00edvel afirmar que a queda nos pre\u00e7os internacionais das commodities e a melhora do c\u00e2mbio t\u00eam pressionado menos os pre\u00e7os em reais, levando o mercado a revisar para baixo a infla\u00e7\u00e3o esperada para 2026, que pode chegar a 4,5%.<\/p>\n<p>De acordo com as informa\u00e7\u00f5es, o setor de prote\u00ednas segue sendo monitorado com cautela, pois o aumento dos custos com gr\u00e3os para ra\u00e7\u00e3o e o pre\u00e7o elevado do boi gordo no mercado internacional podem manter a press\u00e3o sobre os pre\u00e7os das carnes durante o ano. Segundo T\u00e2nia Gofredo, economista-chefe da GEP Brasil, a infla\u00e7\u00e3o permanece sens\u00edvel a choques de oferta, especialmente em alimentos, enquanto o consumo forte limita o efeito da pol\u00edtica monet\u00e1ria.&#13;\n<\/p>\n<p>\u201cA infla\u00e7\u00e3o segue sens\u00edvel a choques de oferta, especialmente em alimentos, enquanto a atividade aquecida limita os efeitos da pol\u00edtica monet\u00e1ria. Mesmo com alguma descompress\u00e3o cambial e queda nas commodities, ainda h\u00e1 fatores de press\u00e3o relevantes no curto prazo\u201d, afirma T\u00e2nia.<br \/>&#13;<br \/>\n\u00a0<\/p>\n<\/p><\/div>\n<\/p><\/div>\n<p><script data-cfasync=\"false\">\n    !function (f, b, e, v, n, t, s) {\n        if (f.fbq) return; n = f.fbq = function () {\n            n.callMethod ?\n                n.callMethod.apply(n, arguments) : n.queue.push(arguments)\n        };\n        if (!f._fbq) f._fbq = n; n.push = n; n.loaded = !0; n.version = '2.0';\n        n.queue = []; t = b.createElement(e); t.async = !0;\n        t.src = v; s = b.getElementsByTagName(e)[0];\n        s.parentNode.insertBefore(t, s)\n    }(window, document, 'script',\n        'https:\/\/connect.facebook.net\/en_US\/fbevents.js');\n    fbq('init', '522546078623747');\n    fbq('track', 'PageView');\n<\/script><br \/>\n<br \/><br \/>\n<br \/><a href=\"https:\/\/www.agrolink.com.br\/noticias\/ipca-2025-deve-ficar-em-4-9---aponta-gep-brasil_503856.html\">Source link <\/a><\/p>\n","protected":false},"excerpt":{"rendered":"<p>&#13; Apesar da pol\u00edtica de juros elevados, o PIB manteve crescimento&#13; &#13; Agrolink&#13; &#13; &#8211; Leonardo Gottems&#13; &#13; Publicado em<\/p>\n","protected":false},"author":1,"featured_media":5416,"comment_status":"open","ping_status":"open","sticky":false,"template":"","format":"standard","meta":{"_monsterinsights_skip_tracking":false,"_monsterinsights_sitenote_active":false,"_monsterinsights_sitenote_note":"","_monsterinsights_sitenote_category":0,"_uf_show_specific_survey":0,"_uf_disable_surveys":false,"footnotes":""},"categories":[8,1,14],"tags":[],"class_list":["post-16627","post","type-post","status-publish","format-standard","has-post-thumbnail","hentry","category-agro","category-news","category-politica-agro"],"_links":{"self":[{"href":"https:\/\/agromt.news\/index.php?rest_route=\/wp\/v2\/posts\/16627"}],"collection":[{"href":"https:\/\/agromt.news\/index.php?rest_route=\/wp\/v2\/posts"}],"about":[{"href":"https:\/\/agromt.news\/index.php?rest_route=\/wp\/v2\/types\/post"}],"author":[{"embeddable":true,"href":"https:\/\/agromt.news\/index.php?rest_route=\/wp\/v2\/users\/1"}],"replies":[{"embeddable":true,"href":"https:\/\/agromt.news\/index.php?rest_route=%2Fwp%2Fv2%2Fcomments&post=16627"}],"version-history":[{"count":0,"href":"https:\/\/agromt.news\/index.php?rest_route=\/wp\/v2\/posts\/16627\/revisions"}],"wp:featuredmedia":[{"embeddable":true,"href":"https:\/\/agromt.news\/index.php?rest_route=\/wp\/v2\/media\/5416"}],"wp:attachment":[{"href":"https:\/\/agromt.news\/index.php?rest_route=%2Fwp%2Fv2%2Fmedia&parent=16627"}],"wp:term":[{"taxonomy":"category","embeddable":true,"href":"https:\/\/agromt.news\/index.php?rest_route=%2Fwp%2Fv2%2Fcategories&post=16627"},{"taxonomy":"post_tag","embeddable":true,"href":"https:\/\/agromt.news\/index.php?rest_route=%2Fwp%2Fv2%2Ftags&post=16627"}],"curies":[{"name":"wp","href":"https:\/\/api.w.org\/{rel}","templated":true}]}}