{"id":16625,"date":"2025-07-12T05:27:30","date_gmt":"2025-07-12T09:27:30","guid":{"rendered":"https:\/\/agromt.news\/?p=16625"},"modified":"2025-07-12T05:27:30","modified_gmt":"2025-07-12T09:27:30","slug":"cavalo-de-r-12-milhoes-morre-em-haras-por-suspeita-de-racao-contaminada","status":"publish","type":"post","link":"https:\/\/agromt.news\/?p=16625","title":{"rendered":"Cavalo de R$ 12 milh\u00f5es morre em haras por suspeita de ra\u00e7\u00e3o contaminada"},"content":{"rendered":"<p> <br \/>\n<\/p>\n<div>\n<p>O Quatum de Alcat\u00e9ia, um dos garanh\u00f5es mais premiados e valiosos do pa\u00eds, morreu em Atalaia, Alagoas, com suspeita de intoxica\u00e7\u00e3o alimentar. <\/p>\n<p>O cavalo, da ra\u00e7a Mangalarga Marchador, de pelagem alaz\u00e3, avaliado em R$ 12 milh\u00f5es, vivia no haras Nova Alcateia, quando come\u00e7ou a apresentar sintomas graves e n\u00e3o resistiu. Veio a \u00f3bito em 25 de junho, quatro meses antes de completar sete anos. As informa\u00e7\u00f5es s\u00e3o do <strong><a href=\"https:\/\/g1.globo.com\/al\/alagoas\/noticia\/2025\/07\/11\/cavalo-de-r-12-milhoes-morre-em-haras-em-al-e-ha-suspeita-de-intoxicacao-por-racao.ghtml\">portal G1<\/a><\/strong>.<\/p>\n<figure class=\"wp-block-image size-full\"><img fetchpriority=\"high\" fetchpriority=\"high\" decoding=\"async\" width=\"553\" height=\"638\" src=\"https:\/\/agromt.news\/wp-content\/uploads\/2025\/07\/Cavalo-de-R-12-milhoes-morre-em-haras-por-suspeita.jpg\" alt=\"Cavalo Quantum morreu\" class=\"wp-image-4110240\"  \/><figcaption class=\"wp-element-caption\">Foto: Arquivo<\/figcaption><\/figure>\n<p>O criat\u00f3rio informou que os sintomas de intoxica\u00e7\u00e3o come\u00e7aram com a substitui\u00e7\u00e3o da ra\u00e7\u00e3o antiga pela da Nutratta Nutri\u00e7\u00e3o Animal Ltda. At\u00e9 o momento, <strong><a href=\"https:\/\/www.canalrural.com.br\/network\/morte-equinos-racao-mapa-investigacao\/\">238 mortes de equinos pelo mesmo motivo est\u00e3o sob investiga\u00e7\u00e3o em todo o pa\u00eds<\/a><\/strong>. <\/p>\n<p>Em nota, o Minist\u00e9rio da Agricultura e Pecu\u00e1ria (Mapa) diz que apura o caso desde a primeira den\u00fancia oficializada, em 26 de maio.<\/p>\n<p>J\u00e1 o haras informou que os efeitos da intoxica\u00e7\u00e3o no Quantum foram r\u00e1pidos e devastadores e as tentativas de san\u00e1-los n\u00e3o surtiram efeito. Todos os animais que morreram no local, 69 at\u00e9 o dia 7 de julho, apresentaram quadros cl\u00ednicos semelhantes.<\/p>\n<p>\u201cO Quantum era o cavalo mais espetacular da ra\u00e7a. O cavalo que mais prometia, que j\u00e1 tinha sido campe\u00e3o brasileiro, campe\u00e3o nacional. Participou de provas em alto n\u00edvel. Estava dando uma produ\u00e7\u00e3o extraordin\u00e1ria. Os filhos dele s\u00e3o extraordin\u00e1rios. Era uma das maiores promessas da ra\u00e7a\u201d, afirmou Luciano Concei\u00e7\u00e3o, um dos propriet\u00e1rios do cavalo.<\/p>\n<p>Em nota, o haras destaca que laudos preliminares de laborat\u00f3rios oficiais confirmaram a presen\u00e7a de subst\u00e2ncia altamente t\u00f3xica, no caso, alcaloides pirrozilid\u00ednicos (monocrotalina) em concentra\u00e7\u00f5es capazes de causar doen\u00e7a e mortes em equ\u00eddeos e outras esp\u00e9cies. <\/p>\n<h2 class=\"wp-block-heading\" id=\"h-sobre-o-quantum\">Sobre o Quantum<\/h2>\n<figure class=\"wp-block-image size-full\"><img decoding=\"async\" width=\"512\" height=\"512\" alt=\"Quantum e o criador Luciano\" class=\"wp-image-4110241\"  data-lazy- src=\"https:\/\/agromt.news\/wp-content\/uploads\/2025\/07\/1752282710_108_Cavalo-de-R-12-milhoes-morre-em-haras-por-suspeita.jpg\"\/><img decoding=\"async\" width=\"512\" height=\"512\" src=\"https:\/\/agromt.news\/wp-content\/uploads\/2025\/07\/1752282710_108_Cavalo-de-R-12-milhoes-morre-em-haras-por-suspeita.jpg\" alt=\"Quantum e o criador Luciano\" class=\"wp-image-4110241\"  \/><figcaption class=\"wp-element-caption\">Foto: Arquivo pessoal\/ Luciano Concei\u00e7\u00e3o <\/figcaption><\/figure>\n<p>Al\u00e9m de garanh\u00e3o consagrado em torneios de marcha, Quantum era um investimento de um cons\u00f3rcio de acionistas, modelo muito comum no mercado de cavalos de elite.<\/p>\n<p>Um dos s\u00f3cios do animal, Luciano Concei\u00e7\u00e3o, fez uma postagem emocionada nas redes sociais sobre a morte de Quantum. <\/p>\n<\/div>\n<div>\n<blockquote class=\"wp-block-quote is-layout-flow wp-block-quote-is-layout-flow\">\n<p>\u201cVc \u00e9 t\u00e3o grande que fez eu me sentir grande. Um criador comum, at\u00e9 falarem que eu era seu dono. Vc \u00e9 t\u00e3o sensacional que vc conseguiu nos projetar muito mais do que far\u00edamos sem vc. Tudo funcionava em fun\u00e7\u00e3o de vc. Todas as decis\u00f5es, todos os rumos, todas as escolhas\u2026 tudo era definidos em fun\u00e7\u00e3o de vc.\u201d<\/p>\n<\/blockquote>\n<p>Conforme o haras, t\u00e9cnicos do Mapa estiveram no local entre os dias 9 e 12 de junho para levantar informa\u00e7\u00f5es e coletar amostras do produto supostamente contaminado e tamb\u00e9m dos animais que morreram, por meio de necropsia.<\/p>\n<p>\u201cInfelizmente, n\u00e3o teremos nossos animais de volta, mas seguimos tomando todas as provid\u00eancias para que os respons\u00e1veis sejam punidos e para que epis\u00f3dios como esse n\u00e3o se repitam\u201d, disse o Haras Nova Alcateia, em nota.<\/p>\n<h2 class=\"wp-block-heading\" id=\"h-racao-suspensa\">Ra\u00e7\u00e3o suspensa<\/h2>\n<p>O Governo Federal determinou o recolhimento de todos os produtos destinados a equ\u00eddeos fabricados pela empresa Nutratta Nutri\u00e7\u00e3o Animal, com data de fabrica\u00e7\u00e3o a partir de 21 de novembro de 2024.<\/p>\n<p>O recolhimento e a proibi\u00e7\u00e3o da venda da ra\u00e7\u00e3o Forrage Horse, da mesma empresa, j\u00e1 haviam sido determinados pelo Minist\u00e9rio no dia 4 de junho.<\/p>\n<p>Desde os primeiros relatos de mortes de cavalos pela ra\u00e7\u00e3o da Nutratta, <strong><a href=\"https:\/\/www.canalrural.com.br\/diversos\/racao-com-indicio-de-contaminantes-pode-ter-matado-quase-30-cavalos\/\">no come\u00e7o de junho, em Indaiatuba, interior de S\u00e3o Paulo<\/a><\/strong>, o Canal Rural tenta contato com a empresa, mas ainda n\u00e3o obteve retorno. O espa\u00e7o segue aberto para futuras manifesta\u00e7\u00f5es. <\/p>\n<\/p><\/div>\n<p><br \/>\n<br \/><a href=\"https:\/\/www.canalrural.com.br\/nacional\/cavalo-de-r-12-milhoes-morre-em-haras-por-suspeita-de-racao-contaminada\/\">Source link <\/a><\/p>\n","protected":false},"excerpt":{"rendered":"<p>O Quatum de Alcat\u00e9ia, um dos garanh\u00f5es mais premiados e valiosos do pa\u00eds, morreu em Atalaia, Alagoas, com suspeita de<\/p>\n","protected":false},"author":1,"featured_media":16619,"comment_status":"open","ping_status":"open","sticky":false,"template":"","format":"standard","meta":{"_monsterinsights_skip_tracking":false,"_monsterinsights_sitenote_active":false,"_monsterinsights_sitenote_note":"","_monsterinsights_sitenote_category":0,"_uf_show_specific_survey":0,"_uf_disable_surveys":false,"footnotes":""},"categories":[1],"tags":[],"class_list":["post-16625","post","type-post","status-publish","format-standard","has-post-thumbnail","hentry","category-news"],"_links":{"self":[{"href":"https:\/\/agromt.news\/index.php?rest_route=\/wp\/v2\/posts\/16625"}],"collection":[{"href":"https:\/\/agromt.news\/index.php?rest_route=\/wp\/v2\/posts"}],"about":[{"href":"https:\/\/agromt.news\/index.php?rest_route=\/wp\/v2\/types\/post"}],"author":[{"embeddable":true,"href":"https:\/\/agromt.news\/index.php?rest_route=\/wp\/v2\/users\/1"}],"replies":[{"embeddable":true,"href":"https:\/\/agromt.news\/index.php?rest_route=%2Fwp%2Fv2%2Fcomments&post=16625"}],"version-history":[{"count":0,"href":"https:\/\/agromt.news\/index.php?rest_route=\/wp\/v2\/posts\/16625\/revisions"}],"wp:featuredmedia":[{"embeddable":true,"href":"https:\/\/agromt.news\/index.php?rest_route=\/wp\/v2\/media\/16619"}],"wp:attachment":[{"href":"https:\/\/agromt.news\/index.php?rest_route=%2Fwp%2Fv2%2Fmedia&parent=16625"}],"wp:term":[{"taxonomy":"category","embeddable":true,"href":"https:\/\/agromt.news\/index.php?rest_route=%2Fwp%2Fv2%2Fcategories&post=16625"},{"taxonomy":"post_tag","embeddable":true,"href":"https:\/\/agromt.news\/index.php?rest_route=%2Fwp%2Fv2%2Ftags&post=16625"}],"curies":[{"name":"wp","href":"https:\/\/api.w.org\/{rel}","templated":true}]}}