{"id":16620,"date":"2025-07-11T22:00:35","date_gmt":"2025-07-12T02:00:35","guid":{"rendered":"https:\/\/agromt.news\/?p=16620"},"modified":"2025-07-11T22:00:35","modified_gmt":"2025-07-12T02:00:35","slug":"taxacao-dos-eua-sobre-produtos-brasileiros-impacta-setor-florestal-e-acende-alerta-na-cadeia-produtiva","status":"publish","type":"post","link":"https:\/\/agromt.news\/?p=16620","title":{"rendered":"Taxa\u00e7\u00e3o dos EUA sobre produtos brasileiros impacta setor florestal e acende alerta na cadeia produtiva"},"content":{"rendered":"<p> <br \/>\n<\/p>\n<div>\n<p style=\"text-align:justify\">A imposi\u00e7\u00e3o de tarifas de at\u00e9 50% por parte dos Estados Unidos sobre produtos brasileiros pegou de surpresa o setor florestal e provocou forte rea\u00e7\u00e3o entre representantes da cadeia produtiva. Fabio Brun, presidente da Associa\u00e7\u00e3o Paranaense de Empresas de Base Florestal (APRE Florestas), avalia a medida como negativa e tomada em um momento inoportuno.&#13;\n<\/p>\n<p style=\"text-align:justify\">\u201cO que torna essa decis\u00e3o ainda mais complicada \u00e9 o fator surpresa. N\u00e3o se esperava que isso fosse anunciado agora, principalmente ap\u00f3s uma tarifa semelhante j\u00e1 ter sido aplicada desde o dia 1\u00ba de abril\u201d, afirmou Brun. Segundo ele, esse segundo movimento tarif\u00e1rio agrava ainda mais o cen\u00e1rio para a ind\u00fastria nacional de base florestal, que j\u00e1 vinha lidando com custos elevados e desafios log\u00edsticos.<\/p>\n<p style=\"text-align:justify\">Decis\u00e3o mais pol\u00edtica do que econ\u00f4mica<\/p>\n<p style=\"text-align:justify\">De acordo com o governo dos Estados Unidos, a nova taxa\u00e7\u00e3o foi justificada por um suposto desequil\u00edbrio na rela\u00e7\u00e3o comercial com o Brasil. No entanto, para o presidente da APRE, esse argumento n\u00e3o se sustenta. \u201cNa verdade, o Brasil \u00e9 deficit\u00e1rio na rela\u00e7\u00e3o com os Estados Unidos. Ent\u00e3o, \u00e9 dif\u00edcil encontrar base econ\u00f4mica concreta para justificar essa medida\u201d, apontou.<\/p>\n<p style=\"text-align:justify\">Brun considera que a decis\u00e3o tem uma motiva\u00e7\u00e3o mais pol\u00edtica do que comercial ou t\u00e9cnica, o que dificulta o di\u00e1logo econ\u00f4mico direto. \u201cA composi\u00e7\u00e3o para reverter essa situa\u00e7\u00e3o ter\u00e1 que ser pol\u00edtica e diplom\u00e1tica\u201d, avaliou.<\/p>\n<p style=\"text-align:justify\">Corrida contra o tempo<\/p>\n<p style=\"text-align:justify\">A expectativa agora \u00e9 de que o Brasil se mobilize nos pr\u00f3ximos dias para negociar com os EUA e tentar amenizar os impactos. Segundo Brun, h\u00e1 uma janela de 23 dias para buscar uma solu\u00e7\u00e3o diplom\u00e1tica que possa evitar ou ao menos suavizar a aplica\u00e7\u00e3o da tarifa. \u201c\u00c9 onde o Brasil vai ter que colocar as fichas agora\u201d, declarou.&#13;\n<\/p>\n<p style=\"text-align:justify\">Nesse curto prazo, ele defende que a ind\u00fastria tamb\u00e9m comece a trabalhar com planos alternativos, caso n\u00e3o haja avan\u00e7o nas negocia\u00e7\u00f5es. \u201cSe essa decis\u00e3o for mantida, o setor vai precisar buscar rapidamente alternativas para reduzir o impacto negativo\u201d, alerta.<\/p>\n<p style=\"text-align:justify\">Cadeia produtiva sob press\u00e3o<\/p>\n<p style=\"text-align:justify\">A medida afeta diretamente empresas que exportam madeira processada, pain\u00e9is, papel e celulose para o mercado norte-americano, produtos de alto valor agregado e que t\u00eam os Estados Unidos como um dos principais destinos.<\/p>\n<p style=\"text-align:justify\">O Paran\u00e1 \u00e9 um dos maiores exportadores de madeira para os Estados Unidos, especialmente de compensado, madeira serrada e molduras de pinus, fundamentais para a constru\u00e7\u00e3o civil norte-americana. Dados da Federa\u00e7\u00e3o das Ind\u00fastrias do Estado do Paran\u00e1 (Fiep) apontam que aproximadamente 40% dessa madeira prov\u00e9m do estado.<\/p>\n<p style=\"text-align:justify\">Em 2025, os estados do Sul (Paran\u00e1, Santa Catarina e Rio Grande do Sul) exportaram juntos US$ 1,37 bilh\u00e3o em produtos de madeira para os EUA, representando 86,5% do total exportado pelo Brasil nesse setor.<\/p>\n<p style=\"text-align:justify\">A alta nas tarifas compromete a competitividade dos exportadores brasileiros, que agora precisar\u00e3o rever estrat\u00e9gias, redirecionar mercados e avaliar custos internos. Com um setor que movimenta bilh\u00f5es de reais por ano e gera milhares de empregos diretos e indiretos, a nova pol\u00edtica comercial dos EUA representa um obst\u00e1culo significativo \u00e0 estabilidade e ao crescimento das empresas florestais no Brasil.&#13;\n<\/p>\n<p style=\"text-align:justify\">Com pouco tempo para reagir, o Brasil corre contra o rel\u00f3gio para conter os efeitos da taxa\u00e7\u00e3o. A articula\u00e7\u00e3o pol\u00edtica ser\u00e1 determinante para preservar a posi\u00e7\u00e3o dos produtos florestais brasileiros no mercado internacional e evitar perdas em uma cadeia que tem papel estrat\u00e9gico na economia nacional.<\/p>\n<\/p><\/div>\n<p><script data-cfasync=\"false\">\n    !function (f, b, e, v, n, t, s) {\n        if (f.fbq) return; n = f.fbq = function () {\n            n.callMethod ?\n                n.callMethod.apply(n, arguments) : n.queue.push(arguments)\n        };\n        if (!f._fbq) f._fbq = n; n.push = n; n.loaded = !0; n.version = '2.0';\n        n.queue = []; t = b.createElement(e); t.async = !0;\n        t.src = v; s = b.getElementsByTagName(e)[0];\n        s.parentNode.insertBefore(t, s)\n    }(window, document, 'script',\n        'https:\/\/connect.facebook.net\/en_US\/fbevents.js');\n    fbq('init', '522546078623747');\n    fbq('track', 'PageView');\n<\/script><br \/>\n<br \/><br \/>\n<br \/><a href=\"https:\/\/www.agrolink.com.br\/noticias\/taxacao-dos-eua-sobre-produtos-brasileiros-impacta-setor-florestal-e-acende-alerta-na-cadeia-produtiva_503799.html\">Source link <\/a><\/p>\n","protected":false},"excerpt":{"rendered":"<p>A imposi\u00e7\u00e3o de tarifas de at\u00e9 50% por parte dos Estados Unidos sobre produtos brasileiros pegou de surpresa o setor<\/p>\n","protected":false},"author":1,"featured_media":16621,"comment_status":"open","ping_status":"open","sticky":false,"template":"","format":"standard","meta":{"_monsterinsights_skip_tracking":false,"_monsterinsights_sitenote_active":false,"_monsterinsights_sitenote_note":"","_monsterinsights_sitenote_category":0,"_uf_show_specific_survey":0,"_uf_disable_surveys":false,"footnotes":""},"categories":[8,1,14],"tags":[],"class_list":["post-16620","post","type-post","status-publish","format-standard","has-post-thumbnail","hentry","category-agro","category-news","category-politica-agro"],"_links":{"self":[{"href":"https:\/\/agromt.news\/index.php?rest_route=\/wp\/v2\/posts\/16620"}],"collection":[{"href":"https:\/\/agromt.news\/index.php?rest_route=\/wp\/v2\/posts"}],"about":[{"href":"https:\/\/agromt.news\/index.php?rest_route=\/wp\/v2\/types\/post"}],"author":[{"embeddable":true,"href":"https:\/\/agromt.news\/index.php?rest_route=\/wp\/v2\/users\/1"}],"replies":[{"embeddable":true,"href":"https:\/\/agromt.news\/index.php?rest_route=%2Fwp%2Fv2%2Fcomments&post=16620"}],"version-history":[{"count":0,"href":"https:\/\/agromt.news\/index.php?rest_route=\/wp\/v2\/posts\/16620\/revisions"}],"wp:featuredmedia":[{"embeddable":true,"href":"https:\/\/agromt.news\/index.php?rest_route=\/wp\/v2\/media\/16621"}],"wp:attachment":[{"href":"https:\/\/agromt.news\/index.php?rest_route=%2Fwp%2Fv2%2Fmedia&parent=16620"}],"wp:term":[{"taxonomy":"category","embeddable":true,"href":"https:\/\/agromt.news\/index.php?rest_route=%2Fwp%2Fv2%2Fcategories&post=16620"},{"taxonomy":"post_tag","embeddable":true,"href":"https:\/\/agromt.news\/index.php?rest_route=%2Fwp%2Fv2%2Ftags&post=16620"}],"curies":[{"name":"wp","href":"https:\/\/api.w.org\/{rel}","templated":true}]}}