{"id":16607,"date":"2025-07-11T18:12:40","date_gmt":"2025-07-11T22:12:40","guid":{"rendered":"https:\/\/agromt.news\/?p=16607"},"modified":"2025-07-11T18:12:40","modified_gmt":"2025-07-11T22:12:40","slug":"produtores-do-rs-fazem-novo-tratoraco-a-favor-da-securitizacao-das-dividas","status":"publish","type":"post","link":"https:\/\/agromt.news\/?p=16607","title":{"rendered":"Produtores do RS fazem novo tratora\u00e7o a favor da securitiza\u00e7\u00e3o das d\u00edvidas"},"content":{"rendered":"<p> <br \/>\n<br \/><img decoding=\"async\" src=\"https:\/\/agromt.news\/wp-content\/uploads\/2025\/07\/Produtores-do-RS-fazem-novo-tratoraco-a-favor-da-securitizacao.jpg\" \/><\/p>\n<div>\n<p>Produtores ga\u00fachos de as todas regi\u00f5es do estado est\u00e3o mobilizados, nesta sexta-feira (11), em Cruz Alta, no norte do <strong><a href=\"https:\/\/www.canalrural.com.br\/nacional\/rio-grande-do-sul\/\">Rio Grande do Sul<\/a><\/strong>, em busca de aprova\u00e7\u00e3o do projeto de lei que em favor da securitiza\u00e7\u00e3o de suas d\u00edvidas. <\/p>\n<p>Os protestos acontecem em frente a ag\u00eancias banc\u00e1rias e tamb\u00e9m em tratora\u00e7os em vias p\u00fablicas da regi\u00e3o. <\/p>\n<p>O movimento, que j\u00e1 completa dois meses, busca a aprova\u00e7\u00e3o de medidas que garantam a prorroga\u00e7\u00e3o das d\u00edvidas decorrentes de perdas clim\u00e1ticas das \u00faltimas cinco safras. <\/p>\n<\/div>\n<div>\n<p><iframe title=\"Tratora\u00e7os no RS marcam protesto de agricultores por prorroga\u00e7\u00e3o de d\u00edvidas\" width=\"800\" height=\"450\" src=\"https:\/\/www.youtube.com\/embed\/nFY7IGjyT7M?feature=oembed\" frameborder=\"0\" allow=\"accelerometer; autoplay; clipboard-write; encrypted-media; gyroscope; picture-in-picture; web-share\" referrerpolicy=\"strict-origin-when-cross-origin\" allowfullscreen><\/iframe><noscript><iframe title=\"Tratora\u00e7os no RS marcam protesto de agricultores por prorroga\u00e7\u00e3o de d\u00edvidas\" width=\"800\" height=\"450\" src=\"https:\/\/www.youtube.com\/embed\/nFY7IGjyT7M?feature=oembed\" frameborder=\"0\" allow=\"accelerometer; autoplay; clipboard-write; encrypted-media; gyroscope; picture-in-picture; web-share\" referrerpolicy=\"strict-origin-when-cross-origin\" allowfullscreen><\/iframe><\/noscript><\/p>\n<p>As manifesta\u00e7\u00f5es tamb\u00e9m pedem urg\u00eancia na vota\u00e7\u00e3o do PL 5122\/23, que aguarda delibera\u00e7\u00e3o na C\u00e2mara dos Deputados, a respeito da liquida\u00e7\u00e3o, anistia, renegocia\u00e7\u00e3o e rebate de d\u00edvidas origin\u00e1rias de cr\u00e9dito rural para agricultores. <\/p>\n<p>Em v\u00eddeos divulgados em redes sociais, \u00e9 poss\u00edvel ouvir produtores rurais em coro entoando a frase \u201cAprova, Hugo Motta!\u201d, em refer\u00eancia ao presidente da C\u00e2mara dos Deputados.<\/p>\n<\/p><\/div>\n<p><br \/>\n<br \/><a href=\"https:\/\/www.canalrural.com.br\/agricultura\/produtores-do-rs-fazem-novo-tratoraco-a-favor-da-securitizacao-das-dividas\/\">Source link <\/a><\/p>\n","protected":false},"excerpt":{"rendered":"<p>Produtores ga\u00fachos de as todas regi\u00f5es do estado est\u00e3o mobilizados, nesta sexta-feira (11), em Cruz Alta, no norte do Rio<\/p>\n","protected":false},"author":1,"featured_media":16608,"comment_status":"open","ping_status":"open","sticky":false,"template":"","format":"standard","meta":{"_monsterinsights_skip_tracking":false,"_monsterinsights_sitenote_active":false,"_monsterinsights_sitenote_note":"","_monsterinsights_sitenote_category":0,"_uf_show_specific_survey":0,"_uf_disable_surveys":false,"footnotes":""},"categories":[1],"tags":[],"class_list":["post-16607","post","type-post","status-publish","format-standard","has-post-thumbnail","hentry","category-news"],"_links":{"self":[{"href":"https:\/\/agromt.news\/index.php?rest_route=\/wp\/v2\/posts\/16607"}],"collection":[{"href":"https:\/\/agromt.news\/index.php?rest_route=\/wp\/v2\/posts"}],"about":[{"href":"https:\/\/agromt.news\/index.php?rest_route=\/wp\/v2\/types\/post"}],"author":[{"embeddable":true,"href":"https:\/\/agromt.news\/index.php?rest_route=\/wp\/v2\/users\/1"}],"replies":[{"embeddable":true,"href":"https:\/\/agromt.news\/index.php?rest_route=%2Fwp%2Fv2%2Fcomments&post=16607"}],"version-history":[{"count":0,"href":"https:\/\/agromt.news\/index.php?rest_route=\/wp\/v2\/posts\/16607\/revisions"}],"wp:featuredmedia":[{"embeddable":true,"href":"https:\/\/agromt.news\/index.php?rest_route=\/wp\/v2\/media\/16608"}],"wp:attachment":[{"href":"https:\/\/agromt.news\/index.php?rest_route=%2Fwp%2Fv2%2Fmedia&parent=16607"}],"wp:term":[{"taxonomy":"category","embeddable":true,"href":"https:\/\/agromt.news\/index.php?rest_route=%2Fwp%2Fv2%2Fcategories&post=16607"},{"taxonomy":"post_tag","embeddable":true,"href":"https:\/\/agromt.news\/index.php?rest_route=%2Fwp%2Fv2%2Ftags&post=16607"}],"curies":[{"name":"wp","href":"https:\/\/api.w.org\/{rel}","templated":true}]}}