{"id":16605,"date":"2025-07-11T17:57:58","date_gmt":"2025-07-11T21:57:58","guid":{"rendered":"https:\/\/agromt.news\/?p=16605"},"modified":"2025-07-11T17:57:58","modified_gmt":"2025-07-11T21:57:58","slug":"confira-a-previsao-para-o-fim-de-semana","status":"publish","type":"post","link":"https:\/\/agromt.news\/?p=16605","title":{"rendered":"confira a previs\u00e3o para o fim de semana"},"content":{"rendered":"<p> <br \/>\n<br \/><img decoding=\"async\" src=\"https:\/\/agromt.news\/wp-content\/uploads\/2024\/10\/semana-deve-terminar-com-transtornos-veja-onde.jpg\" \/><\/p>\n<div>\n<p>O fim de semana dos dias 12 e 13 de julho ser\u00e1 marcado por contrastes clim\u00e1ticos no Brasil, segundo a <strong><a href=\"https:\/\/www.canalrural.com.br\/autor\/climatempo\/\">Climatempo<\/a><\/strong>. No s\u00e1bado (12), a <strong>chuva <\/strong>ganha for\u00e7a no Esp\u00edrito Santo, nordeste de Minas Gerais e leste da Bahia, devido \u00e0 infiltra\u00e7\u00e3o mar\u00edtima e \u00e0 circula\u00e7\u00e3o de ventos em baixos n\u00edveis da atmosfera. Nessas regi\u00f5es, h\u00e1 risco de chuva moderada a forte. O mesmo vale para o litoral entre Sergipe e Pernambuco.<\/p>\n<p>No Norte, h\u00e1 risco de <strong>temporais <\/strong>no norte e noroeste do Amazonas, centro-norte de Roraima e leste do Amap\u00e1. No Par\u00e1, as pancadas podem ter forte intensidade durante a tarde. J\u00e1 no Sul, o sol predomina com poucas nuvens ao longo do dia, elevando as temperaturas, mas ainda faz frio pela manh\u00e3, inclusive com possibilidade de geada isolada no extremo sul de Minas Gerais.<\/p>\n<p>Em grande parte do Centro-Oeste, interior do Nordeste, sul do Par\u00e1, norte do Mato Grosso, S\u00e3o Paulo e interior de Minas Gerais, a <strong>massa de ar seco<\/strong> continua predominando. Nessas \u00e1reas, a umidade relativa do ar pode ficar abaixo de 30% no per\u00edodo da tarde, e abaixo de 20% entre o norte do Mato Grosso e o sul do Par\u00e1, situa\u00e7\u00e3o de alerta para a sa\u00fade.<\/p>\n<\/div>\n<div>\n<p>No domingo (13), a <strong>chuva se intensifica<\/strong> em Salvador e segue presente em toda a faixa leste do Nordeste, do Esp\u00edrito Santo at\u00e9 o Rio Grande do Norte, com possibilidade de pancadas fortes. O nordeste de Minas Gerais tamb\u00e9m ter\u00e1 chuva isolada, assim como o litoral de S\u00e3o Paulo, onde deve chover fraco.<\/p>\n<p>No Sul, \u00e1reas de instabilidade avan\u00e7am e podem provocar <strong>chuva fraca e isolada<\/strong> no oeste e na Campanha Ga\u00facha ao fim do dia. Santa Catarina e Paran\u00e1 ter\u00e3o predom\u00ednio de sol, mas o litoral paranaense deve registrar <strong>chuviscos <\/strong>entre a manh\u00e3 e a tarde.<\/p>\n<p>O Centro-Oeste ter\u00e1 sol entre poucas nuvens e calor em Mato Grosso e Goi\u00e1s. J\u00e1 no Norte, do Amazonas a Roraima e no Amap\u00e1, pancadas de chuva alternam com per\u00edodos de melhoria, mas h\u00e1 chance de temporais. O Par\u00e1 segue com <strong>chuva forte<\/strong> no norte e noroeste.<\/p>\n<p>A manh\u00e3 ter\u00e1 temperaturas baixas desde o Rio Grande do Sul at\u00e9 o sul de Minas Gerais, mas sem risco de geada.<\/p>\n<\/p><\/div>\n<p><br \/>\n<br \/><a href=\"https:\/\/www.canalrural.com.br\/diversos\/temporal-de-um-lado-tempo-seco-de-outro-confira-a-previsao-para-o-fim-de-semana\/\">Source link <\/a><\/p>\n","protected":false},"excerpt":{"rendered":"<p>O fim de semana dos dias 12 e 13 de julho ser\u00e1 marcado por contrastes clim\u00e1ticos no Brasil, segundo a<\/p>\n","protected":false},"author":1,"featured_media":3545,"comment_status":"open","ping_status":"open","sticky":false,"template":"","format":"standard","meta":{"_monsterinsights_skip_tracking":false,"_monsterinsights_sitenote_active":false,"_monsterinsights_sitenote_note":"","_monsterinsights_sitenote_category":0,"_uf_show_specific_survey":0,"_uf_disable_surveys":false,"footnotes":""},"categories":[1],"tags":[],"class_list":["post-16605","post","type-post","status-publish","format-standard","has-post-thumbnail","hentry","category-news"],"_links":{"self":[{"href":"https:\/\/agromt.news\/index.php?rest_route=\/wp\/v2\/posts\/16605"}],"collection":[{"href":"https:\/\/agromt.news\/index.php?rest_route=\/wp\/v2\/posts"}],"about":[{"href":"https:\/\/agromt.news\/index.php?rest_route=\/wp\/v2\/types\/post"}],"author":[{"embeddable":true,"href":"https:\/\/agromt.news\/index.php?rest_route=\/wp\/v2\/users\/1"}],"replies":[{"embeddable":true,"href":"https:\/\/agromt.news\/index.php?rest_route=%2Fwp%2Fv2%2Fcomments&post=16605"}],"version-history":[{"count":0,"href":"https:\/\/agromt.news\/index.php?rest_route=\/wp\/v2\/posts\/16605\/revisions"}],"wp:featuredmedia":[{"embeddable":true,"href":"https:\/\/agromt.news\/index.php?rest_route=\/wp\/v2\/media\/3545"}],"wp:attachment":[{"href":"https:\/\/agromt.news\/index.php?rest_route=%2Fwp%2Fv2%2Fmedia&parent=16605"}],"wp:term":[{"taxonomy":"category","embeddable":true,"href":"https:\/\/agromt.news\/index.php?rest_route=%2Fwp%2Fv2%2Fcategories&post=16605"},{"taxonomy":"post_tag","embeddable":true,"href":"https:\/\/agromt.news\/index.php?rest_route=%2Fwp%2Fv2%2Ftags&post=16605"}],"curies":[{"name":"wp","href":"https:\/\/api.w.org\/{rel}","templated":true}]}}