{"id":16599,"date":"2025-07-11T17:15:41","date_gmt":"2025-07-11T21:15:41","guid":{"rendered":"https:\/\/agromt.news\/?p=16599"},"modified":"2025-07-11T17:15:41","modified_gmt":"2025-07-11T21:15:41","slug":"tarifa-de-trump-pode-causar-perdas-de-r-138-milhoes-ao-arroz-brasileiro","status":"publish","type":"post","link":"https:\/\/agromt.news\/?p=16599","title":{"rendered":"Tarifa de Trump pode causar perdas de R$ 138 milh\u00f5es ao arroz brasileiro"},"content":{"rendered":"<p> <br \/>\n<br \/><img decoding=\"async\" src=\"https:\/\/agromt.news\/wp-content\/uploads\/2025\/07\/Tarifa-de-Trump-pode-causar-perdas-de-R-138-milhoes.jpg\" \/><\/p>\n<div>\n<p>A Associa\u00e7\u00e3o Brasileira da Ind\u00fastria do Arroz (Abiarroz) divulgou nota nesta sexta-feira (11) em que manifesta temor pelos impactos \u00e0 exporta\u00e7\u00e3o de arroz beneficiado brasileiro aos <strong><a href=\"https:\/\/www.canalrural.com.br\/tag\/estados-unidos\/\">Estados Unidos<\/a><\/strong> ap\u00f3s o an\u00fancio de tarifa de 50% sobre os embarques nacionais a aquele pa\u00eds.<\/p>\n<p>\u201cOs Estados Unidos s\u00e3o hoje um dos mercados mais importantes para o arroz brasileiro, absorvendo 19% do valor exportado de arroz branco em 2024 \u2014 produto de mais alta qualidade e maior valor agregado\u201d, destaca o texto.<\/p>\n<\/div>\n<div>\n<p>Entretanto, a entidade ressalta que a rela\u00e7\u00e3o comercial \u00e9, historicamente, marcada por forte desigualdade: enquanto os Estados Unidos possuem ampla facilidade para substituir o arroz brasileiro, o Brasil depende desse mercado para escoar um volume relevante de sua produ\u00e7\u00e3o beneficiada, fruto de d\u00e9cadas de investimento e promo\u00e7\u00e3o.<\/p>\n<p>\u201cA decis\u00e3o de impor um aumento tarif\u00e1rio t\u00e3o expressivo elimina, na pr\u00e1tica, a competitividade do produto brasileiro no mercado norte-americano frente \u00e0 concorr\u00eancia, o que pode gerar perdas estimadas de at\u00e9 US$ 25 milh\u00f5es (cerca de R$ 138,6 milh\u00f5es) por ano para a ind\u00fastria arrozeira nacional.\u201d<\/p>\n<\/p><\/div>\n<p><br \/>\n<br \/><a href=\"https:\/\/www.canalrural.com.br\/agricultura\/tarifa-de-trump-pode-causar-perdas-de-r-138-milhoes-ao-arroz-brasileiro\/\">Source link <\/a><\/p>\n","protected":false},"excerpt":{"rendered":"<p>A Associa\u00e7\u00e3o Brasileira da Ind\u00fastria do Arroz (Abiarroz) divulgou nota nesta sexta-feira (11) em que manifesta temor pelos impactos \u00e0<\/p>\n","protected":false},"author":1,"featured_media":16600,"comment_status":"open","ping_status":"open","sticky":false,"template":"","format":"standard","meta":{"_monsterinsights_skip_tracking":false,"_monsterinsights_sitenote_active":false,"_monsterinsights_sitenote_note":"","_monsterinsights_sitenote_category":0,"_uf_show_specific_survey":0,"_uf_disable_surveys":false,"footnotes":""},"categories":[1],"tags":[],"class_list":["post-16599","post","type-post","status-publish","format-standard","has-post-thumbnail","hentry","category-news"],"_links":{"self":[{"href":"https:\/\/agromt.news\/index.php?rest_route=\/wp\/v2\/posts\/16599"}],"collection":[{"href":"https:\/\/agromt.news\/index.php?rest_route=\/wp\/v2\/posts"}],"about":[{"href":"https:\/\/agromt.news\/index.php?rest_route=\/wp\/v2\/types\/post"}],"author":[{"embeddable":true,"href":"https:\/\/agromt.news\/index.php?rest_route=\/wp\/v2\/users\/1"}],"replies":[{"embeddable":true,"href":"https:\/\/agromt.news\/index.php?rest_route=%2Fwp%2Fv2%2Fcomments&post=16599"}],"version-history":[{"count":0,"href":"https:\/\/agromt.news\/index.php?rest_route=\/wp\/v2\/posts\/16599\/revisions"}],"wp:featuredmedia":[{"embeddable":true,"href":"https:\/\/agromt.news\/index.php?rest_route=\/wp\/v2\/media\/16600"}],"wp:attachment":[{"href":"https:\/\/agromt.news\/index.php?rest_route=%2Fwp%2Fv2%2Fmedia&parent=16599"}],"wp:term":[{"taxonomy":"category","embeddable":true,"href":"https:\/\/agromt.news\/index.php?rest_route=%2Fwp%2Fv2%2Fcategories&post=16599"},{"taxonomy":"post_tag","embeddable":true,"href":"https:\/\/agromt.news\/index.php?rest_route=%2Fwp%2Fv2%2Ftags&post=16599"}],"curies":[{"name":"wp","href":"https:\/\/api.w.org\/{rel}","templated":true}]}}