{"id":16597,"date":"2025-07-11T16:57:05","date_gmt":"2025-07-11T20:57:05","guid":{"rendered":"https:\/\/agromt.news\/?p=16597"},"modified":"2025-07-11T16:57:05","modified_gmt":"2025-07-11T20:57:05","slug":"haja-chuva-enquanto-parte-do-brasil-se-beneficia-outra-luta-contra-a-seca","status":"publish","type":"post","link":"https:\/\/agromt.news\/?p=16597","title":{"rendered":"Haja chuva! Enquanto parte do Brasil se beneficia, outra &#8216;luta&#8217; contra a seca"},"content":{"rendered":"<p> <br \/>\n<br \/><img decoding=\"async\" src=\"https:\/\/agromt.news\/wp-content\/uploads\/2024\/10\/Tempo-muda-em-Mato-Grosso-com-previsao-de-chuvas-intensas.jpg\" \/><\/p>\n<div>\n<p>Os <a href=\"https:\/\/www.canalrural.com.br\/?s=produtores+de+soja\">produtores de soja<\/a> de Roraima devem se beneficiar de volumes entre 70 e 80 mm de chuva neste momento da safra. A umidade chega em boa hora para o desenvolvimento das lavouras. J\u00e1 em outras regi\u00f5es do pa\u00eds, as chuvas t\u00eam sido excessivas, especialmente na faixa leste do Nordeste, onde continua chovendo com regularidade. A regi\u00e3o do Sealba (Sergipe, Alagoas e Bahia) tamb\u00e9m apresenta boas condi\u00e7\u00f5es h\u00eddricas, favorecendo a terceira safra com pancadas de chuva bem distribu\u00eddas.<\/p>\n<div data-icp-cta=\"1\" id=\"icp-cta-unique\">Voc\u00ea quer entender como usar o clima a seu favor?<b> <\/b><a href=\"https:\/\/climacampo.canalrural.com.br\/climacampo_-01\">Preparamos um e-book exclusivo<\/a> para ajudar produtores rurais a se antecipar \u00e0s mudan\u00e7as do tempo e planejar melhor suas a\u00e7\u00f5es. Com base em previs\u00f5es meteorol\u00f3gicas confi\u00e1veis, ele oferece orienta\u00e7\u00f5es pr\u00e1ticas para proteger sua lavoura e otimizar seus resultados.<\/div>\n<figure class=\"wp-block-embed is-type-video is-provider-youtube wp-block-embed-youtube wp-embed-aspect-16-9 wp-has-aspect-ratio\">\n<p>\n<iframe title=\"Haja chuva! Enquanto parte do Brasil se beneficia, outra &#039;luta&#039; contra a seca\" width=\"800\" height=\"450\" src=\"https:\/\/www.youtube.com\/embed\/PD5gYdVY-GM?feature=oembed\" frameborder=\"0\" allow=\"accelerometer; autoplay; clipboard-write; encrypted-media; gyroscope; picture-in-picture; web-share\" referrerpolicy=\"strict-origin-when-cross-origin\" allowfullscreen><\/iframe><noscript><iframe title=\"Haja chuva! Enquanto parte do Brasil se beneficia, outra &#039;luta&#039; contra a seca\" width=\"800\" height=\"450\" src=\"https:\/\/www.youtube.com\/embed\/PD5gYdVY-GM?feature=oembed\" frameborder=\"0\" allow=\"accelerometer; autoplay; clipboard-write; encrypted-media; gyroscope; picture-in-picture; web-share\" referrerpolicy=\"strict-origin-when-cross-origin\" allowfullscreen><\/iframe><\/noscript>\n<\/p>\n<\/figure>\n<ul class=\"wp-block-list\">\n<li><strong><em>Fique por dentro das novidades e not\u00edcias recentes sobre a soja! Participe da nossa comunidade atrav\u00e9s do\u00a0<a href=\"https:\/\/chat.whatsapp.com\/BmMRwA0TZ2DHGyhzoaVEWu\">link<\/a><\/em><\/strong>!<\/li>\n<\/ul>\n<\/div>\n<div>\n<h2 class=\"wp-block-heading\" id=\"h-tempo-seco-e-sem-chuvas\">Tempo seco e sem chuvas<\/h2>\n<p>Por outro lado, \u00e1reas do interior do pa\u00eds enfrentam um cen\u00e1rio de tempo seco e preocupante para o campo. O solo apresenta baixos n\u00edveis de umidade, o ar est\u00e1 extremamente seco e, para piorar, as temperaturas disparam nas horas mais quentes do dia, ultrapassando facilmente os 35\u202f\u00b0C em algumas localidades. Essa combina\u00e7\u00e3o de fatores cria um ambiente dif\u00edcil para o desenvolvimento das lavouras da segunda safra, especialmente em regi\u00f5es como o oeste da Bahia, o interior de Goi\u00e1s e parte do Tocantins.<\/p>\n<h2 class=\"wp-block-heading\" id=\"h-como-fica-o-tempo-no-sul\">Como fica o tempo no Sul?<\/h2>\n<p>No Sul do Brasil, a chuva deve ganhar for\u00e7a entre os dias 17 e 18 de julho com a passagem de uma nova frente fria. A expectativa \u00e9 de que esse sistema provoque precipita\u00e7\u00f5es nos tr\u00eas estados da regi\u00e3o, mas os volumes acumulados ainda n\u00e3o devem ser muito elevados. Ou seja, apesar do retorno das chuvas, ainda n\u00e3o se trata de uma recupera\u00e7\u00e3o da umidade do solo.<\/p>\n<\/p><\/div>\n<p><br \/>\n<br \/><a href=\"https:\/\/www.canalrural.com.br\/agricultura\/projeto-soja-brasil\/haja-chuva-enquanto-parte-do-brasil-se-beneficia-outra-luta-contra-a-seca\/\">Source link <\/a><\/p>\n","protected":false},"excerpt":{"rendered":"<p>Os produtores de soja de Roraima devem se beneficiar de volumes entre 70 e 80 mm de chuva neste momento<\/p>\n","protected":false},"author":1,"featured_media":16598,"comment_status":"open","ping_status":"open","sticky":false,"template":"","format":"standard","meta":{"_monsterinsights_skip_tracking":false,"_monsterinsights_sitenote_active":false,"_monsterinsights_sitenote_note":"","_monsterinsights_sitenote_category":0,"_uf_show_specific_survey":0,"_uf_disable_surveys":false,"footnotes":""},"categories":[1],"tags":[],"class_list":["post-16597","post","type-post","status-publish","format-standard","has-post-thumbnail","hentry","category-news"],"_links":{"self":[{"href":"https:\/\/agromt.news\/index.php?rest_route=\/wp\/v2\/posts\/16597"}],"collection":[{"href":"https:\/\/agromt.news\/index.php?rest_route=\/wp\/v2\/posts"}],"about":[{"href":"https:\/\/agromt.news\/index.php?rest_route=\/wp\/v2\/types\/post"}],"author":[{"embeddable":true,"href":"https:\/\/agromt.news\/index.php?rest_route=\/wp\/v2\/users\/1"}],"replies":[{"embeddable":true,"href":"https:\/\/agromt.news\/index.php?rest_route=%2Fwp%2Fv2%2Fcomments&post=16597"}],"version-history":[{"count":0,"href":"https:\/\/agromt.news\/index.php?rest_route=\/wp\/v2\/posts\/16597\/revisions"}],"wp:featuredmedia":[{"embeddable":true,"href":"https:\/\/agromt.news\/index.php?rest_route=\/wp\/v2\/media\/16598"}],"wp:attachment":[{"href":"https:\/\/agromt.news\/index.php?rest_route=%2Fwp%2Fv2%2Fmedia&parent=16597"}],"wp:term":[{"taxonomy":"category","embeddable":true,"href":"https:\/\/agromt.news\/index.php?rest_route=%2Fwp%2Fv2%2Fcategories&post=16597"},{"taxonomy":"post_tag","embeddable":true,"href":"https:\/\/agromt.news\/index.php?rest_route=%2Fwp%2Fv2%2Ftags&post=16597"}],"curies":[{"name":"wp","href":"https:\/\/api.w.org\/{rel}","templated":true}]}}