{"id":16588,"date":"2025-07-11T15:38:29","date_gmt":"2025-07-11T19:38:29","guid":{"rendered":"https:\/\/agromt.news\/?p=16588"},"modified":"2025-07-11T15:38:29","modified_gmt":"2025-07-11T19:38:29","slug":"comunicacao-assertiva-no-agro-a-chave-para-liderar-com-clareza","status":"publish","type":"post","link":"https:\/\/agromt.news\/?p=16588","title":{"rendered":"Comunica\u00e7\u00e3o assertiva no agro: a chave para liderar com clareza"},"content":{"rendered":"<p> <br \/>\n<\/p>\n<div>\n<p>Em um setor cada vez mais t\u00e9cnico, competitivo e conectado como o agroneg\u00f3cio, <strong>saber se comunicar com clareza, objetividade e respeito \u00e9 um diferencial competitivo<\/strong>. A comunica\u00e7\u00e3o assertiva n\u00e3o \u00e9 apenas uma habilidade interpessoal: \u00e9 uma ferramenta estrat\u00e9gica que impacta diretamente na qualidade da lideran\u00e7a, na tomada de decis\u00f5es e nos resultados de qualquer neg\u00f3cio.<\/p>\n<h2 class=\"wp-block-heading\">O que \u00e9 comunica\u00e7\u00e3o assertiva?<\/h2>\n<p>A comunica\u00e7\u00e3o assertiva \u00e9 a capacidade de se expressar de forma <strong>clara, direta e respeitosa<\/strong>, levando em conta tanto a pr\u00f3pria inten\u00e7\u00e3o quanto a escuta ativa do outro. Trata-se de um <strong>equil\u00edbrio entre firmeza e empatia<\/strong>, sem recorrer \u00e0 agressividade ou \u00e0 passividade.<\/p>\n<blockquote class=\"wp-block-quote is-layout-flow wp-block-quote-is-layout-flow\">\n<p>\u201cSer assertivo \u00e9 dizer o que precisa ser dito, no tom e na hora certos, com foco em solu\u00e7\u00f5es\u201d, afirma Edna, especialista em lideran\u00e7a e comunica\u00e7\u00e3o com mais de 35 anos de experi\u00eancia no setor comercial.<\/p>\n<\/blockquote>\n<figure class=\"wp-block-image size-large\"><img fetchpriority=\"high\" decoding=\"async\" width=\"683\" height=\"1024\" alt=\"Edna Vasselo Goldoni\" class=\"wp-image-4110118\"  data-lazy- src=\"https:\/\/agromt.news\/wp-content\/uploads\/2025\/07\/Comunicacao-assertiva-no-agro-a-chave-para-liderar-com-clareza.jpg\"\/><img decoding=\"async\" width=\"683\" height=\"1024\" src=\"https:\/\/agromt.news\/wp-content\/uploads\/2025\/07\/Comunicacao-assertiva-no-agro-a-chave-para-liderar-com-clareza.jpg\" alt=\"Edna Vasselo Goldoni\" class=\"wp-image-4110118\"  \/><figcaption class=\"wp-element-caption\">Arquivo Pessoal cedido por Edna Vasselo Goldoni<\/figcaption><\/figure>\n<h2 class=\"wp-block-heading\">Por que isso \u00e9 importante no agroneg\u00f3cio?<\/h2>\n<p>Negocia\u00e7\u00f5es com fornecedores, gest\u00e3o de equipes, reuni\u00f5es com investidores, relacionamento com clientes, comunica\u00e7\u00e3o com parceiros rurais ou t\u00e9cnicos: todos esses momentos exigem <strong>clareza, objetividade e preparo emocional<\/strong>.<\/p>\n<p>Uma fala mal colocada pode gerar ru\u00eddos, conflitos e retrabalho. Por outro lado, uma postura assertiva evita desgastes, otimiza o tempo e fortalece o respeito m\u00fatuo nas rela\u00e7\u00f5es de trabalho.<\/p>\n<h2 class=\"wp-block-heading\">Tr\u00eas pilares da comunica\u00e7\u00e3o assertiva<\/h2>\n<p>1. <strong>Autoconhecimento<\/strong><\/p>\n<p>Saber como voc\u00ea reage em situa\u00e7\u00f5es de press\u00e3o \u00e9 o primeiro passo. Quais s\u00e3o seus gatilhos emocionais? Como voc\u00ea costuma responder a cr\u00edticas ou cobran\u00e7as? Identificar esses padr\u00f5es ajuda a evitar respostas impulsivas.<\/p>\n<\/div>\n<div>\n<p>2. <strong>Gest\u00e3o emocional<\/strong><\/p>\n<p>A intelig\u00eancia emocional \u00e9 parte fundamental da assertividade. T\u00e9cnicas como <strong>respira\u00e7\u00e3o consciente<\/strong>, <strong>aten\u00e7\u00e3o plena (mindfulness)<\/strong> e <strong>pausas estrat\u00e9gicas<\/strong> ajudam a manter o controle em momentos de tens\u00e3o, garantindo respostas mais eficazes.<\/p>\n<p>3. <strong>Escuta ativa<\/strong><\/p>\n<p>A comunica\u00e7\u00e3o n\u00e3o \u00e9 s\u00f3 o que se fala, mas tamb\u00e9m o quanto se escuta. Saber ouvir com aten\u00e7\u00e3o permite entender o ponto de vista do outro, antecipar obje\u00e7\u00f5es e conduzir a conversa com mais estrat\u00e9gia.<\/p>\n<h2 class=\"wp-block-heading\">Como aplicar a assertividade na pr\u00e1tica?<\/h2>\n<p>Aqui est\u00e3o alguns exemplos pr\u00e1ticos de aplica\u00e7\u00e3o da comunica\u00e7\u00e3o assertiva no dia a dia do agro:<\/p>\n<ul class=\"wp-block-list\">\n<li><strong>Negocia\u00e7\u00f5es<\/strong>: expresse seus limites com clareza, sem atacar o outro lado. Exemplo: \u201cEssa condi\u00e7\u00e3o est\u00e1 fora da nossa pol\u00edtica atual, mas estou aberto a discutir alternativas\u201d.<\/li>\n<li><strong>Gest\u00e3o de equipe<\/strong>: ofere\u00e7a feedback com objetividade, sempre baseado em fatos, n\u00e3o em julgamentos. Exemplo: \u201cNotei que o relat\u00f3rio n\u00e3o foi entregue no prazo. Como podemos melhorar isso juntos para a pr\u00f3xima vez?\u201d<\/li>\n<li><strong>Relacionamento com clientes<\/strong>: mantenha a postura profissional mesmo diante de cr\u00edticas. Ou\u00e7a, acolha e responda com solu\u00e7\u00f5es, sem levar para o lado pessoal.<\/li>\n<\/ul>\n<h2 class=\"wp-block-heading\">Dicas r\u00e1pidas para aprimorar sua comunica\u00e7\u00e3o<\/h2>\n<ul class=\"wp-block-list\">\n<li><strong>Fale no tempo certo<\/strong>: n\u00e3o interrompa, mas tamb\u00e9m n\u00e3o demore para se posicionar.<\/li>\n<li><strong>Use dados e fatos, evite suposi\u00e7\u00f5es<\/strong>.<\/li>\n<li><strong>Olhe nos olhos<\/strong> e mantenha uma postura corporal coerente com sua fala.<\/li>\n<li><strong>Evite rodeios<\/strong>: v\u00e1 direto ao ponto com educa\u00e7\u00e3o.<\/li>\n<li><strong>Pratique escuta ativa<\/strong>: preste aten\u00e7\u00e3o ao que est\u00e1 sendo dito antes de responder.<\/li>\n<\/ul>\n<h3 class=\"wp-block-heading\">Um recado especial para as mulheres do agro<\/h3>\n<p>Se voc\u00ea \u00e9 mulher e atua no agroneg\u00f3cio, saiba que existe um espa\u00e7o feito especialmente para voc\u00ea. Em uma entrevista exclusiva ao portal <em><a href=\"https:\/\/aprotagonista.canalrural.com.br\/\" target=\"_blank\" rel=\"noreferrer noopener\">A Protagonista<\/a><\/em>, Edna compartilha experi\u00eancias e conselhos voltados <strong>\u00e0 mulher que lidera, negocia e decide no campo<\/strong>, enfrentando os desafios di\u00e1rios com coragem e intelig\u00eancia emocional. \u00c9 um conte\u00fado inspirador, feito para fortalecer o protagonismo feminino no setor.<br \/>\ud83d\udc49 <a href=\"https:\/\/aprotagonista.canalrural.com.br\/protagonismo-feminino\/lideranca-feminina-agro-comunicacao-assertiva\/\" target=\"_blank\" rel=\"noreferrer noopener\">Leia a mat\u00e9ria completa em A Protagonista<\/a><\/p>\n<\/p><\/div>\n<p><br \/>\n<br \/><a href=\"https:\/\/www.canalrural.com.br\/agricultura\/comunicacao-assertiva-no-agronegocio\/\">Source link <\/a><\/p>\n","protected":false},"excerpt":{"rendered":"<p>Em um setor cada vez mais t\u00e9cnico, competitivo e conectado como o agroneg\u00f3cio, saber se comunicar com clareza, objetividade e<\/p>\n","protected":false},"author":1,"featured_media":16589,"comment_status":"open","ping_status":"open","sticky":false,"template":"","format":"standard","meta":{"_monsterinsights_skip_tracking":false,"_monsterinsights_sitenote_active":false,"_monsterinsights_sitenote_note":"","_monsterinsights_sitenote_category":0,"_uf_show_specific_survey":0,"_uf_disable_surveys":false,"footnotes":""},"categories":[1],"tags":[],"class_list":["post-16588","post","type-post","status-publish","format-standard","has-post-thumbnail","hentry","category-news"],"_links":{"self":[{"href":"https:\/\/agromt.news\/index.php?rest_route=\/wp\/v2\/posts\/16588"}],"collection":[{"href":"https:\/\/agromt.news\/index.php?rest_route=\/wp\/v2\/posts"}],"about":[{"href":"https:\/\/agromt.news\/index.php?rest_route=\/wp\/v2\/types\/post"}],"author":[{"embeddable":true,"href":"https:\/\/agromt.news\/index.php?rest_route=\/wp\/v2\/users\/1"}],"replies":[{"embeddable":true,"href":"https:\/\/agromt.news\/index.php?rest_route=%2Fwp%2Fv2%2Fcomments&post=16588"}],"version-history":[{"count":0,"href":"https:\/\/agromt.news\/index.php?rest_route=\/wp\/v2\/posts\/16588\/revisions"}],"wp:featuredmedia":[{"embeddable":true,"href":"https:\/\/agromt.news\/index.php?rest_route=\/wp\/v2\/media\/16589"}],"wp:attachment":[{"href":"https:\/\/agromt.news\/index.php?rest_route=%2Fwp%2Fv2%2Fmedia&parent=16588"}],"wp:term":[{"taxonomy":"category","embeddable":true,"href":"https:\/\/agromt.news\/index.php?rest_route=%2Fwp%2Fv2%2Fcategories&post=16588"},{"taxonomy":"post_tag","embeddable":true,"href":"https:\/\/agromt.news\/index.php?rest_route=%2Fwp%2Fv2%2Ftags&post=16588"}],"curies":[{"name":"wp","href":"https:\/\/api.w.org\/{rel}","templated":true}]}}