{"id":16586,"date":"2025-07-11T15:23:04","date_gmt":"2025-07-11T19:23:04","guid":{"rendered":"https:\/\/agromt.news\/?p=16586"},"modified":"2025-07-11T15:23:04","modified_gmt":"2025-07-11T19:23:04","slug":"tarifas-ameacam-recorde-nas-vendas-brasileiras-de-cacau-aos-eua-alerta-setor","status":"publish","type":"post","link":"https:\/\/agromt.news\/?p=16586","title":{"rendered":"Tarifas amea\u00e7am recorde nas vendas brasileiras de cacau aos EUA, alerta setor"},"content":{"rendered":"<p> <br \/>\n<br \/><img decoding=\"async\" src=\"https:\/\/agromt.news\/wp-content\/uploads\/2025\/07\/Tarifas-ameacam-recorde-nas-vendas-brasileiras-de-cacau-aos-EUA.png\" \/><\/p>\n<div>\n<p>A Associa\u00e7\u00e3o Nacional das Ind\u00fastrias Processadoras de Cacau (AIPC) divulgou nota nesta sexta-feira (11) em que expressa profunda preocupa\u00e7\u00e3o com a <strong><a href=\"https:\/\/www.canalrural.com.br\/economia\/trump-diz-que-deve-conversar-com-lula-em-algum-momento-sobre-taxacao-de-produtos-brasileiros\/\">tarifa de 50% sobre produtos brasileiros anunciada pelo governo dos Estados Unidos<\/a><\/strong>. <\/p>\n<p>Para a entidade, caso a medida seja efetivada em 1 de agosto, como divulgou o presidente norte-americano Donald Trump na \u00faltima quarta-feira (9), a competitividade das exporta\u00e7\u00f5es brasileiras de derivados de cacau, posisionado entre os segmentos mais din\u00e2micos do agroneg\u00f3cio nacional nos \u00faltimos anos, ser\u00e1 fortemente afetada.<\/p>\n<p>Entre 2020 e 2024, os Estados Unidos responderam, em m\u00e9dia, por 18% do valor total exportado de derivados de cacau pelo Brasil. Em 2024, esse valor atingiu US$ 72,7 milh\u00f5es, com um volume de 8,1 mil toneladas, mostra a AIPC. <\/p>\n<p>\u201cApenas no primeiro semestre de 2025, o pa\u00eds j\u00e1 importou US$ 64,8 milh\u00f5es em derivados brasileiros, representando mais de 25% das exporta\u00e7\u00f5es totais do setor no per\u00edodo. Com a manuten\u00e7\u00e3o desse ritmo, o ano de 2025 tem potencial para ser o maior da s\u00e9rie hist\u00f3rica \u2014 cen\u00e1rio agora amea\u00e7ado pela nova tarifa\u201d, diz a nota da entidade.<\/p>\n<h2 class=\"wp-block-heading\" id=\"h-tarifa-chega-no-pior-momento\">Tarifa chega no \u2018pior momento\u2019<\/h2>\n<p>A Associa\u00e7\u00e3o enfatiza que a medida do governo Trump chega em um momento de forte press\u00e3o sobre a ind\u00fastria brasileira de cacau, que enfrenta sucessivas quebras de safra, restri\u00e7\u00e3o na oferta interna da am\u00eandoa e pre\u00e7os internacionais em patamares recordes. <\/p>\n<p>\u201cEm 2025, a moagem nacional de cacau j\u00e1 registra queda significativa, com a exporta\u00e7\u00e3o de derivados funcionando como uma das principais v\u00e1lvulas de escape para a sustenta\u00e7\u00e3o das atividades industriais e da gera\u00e7\u00e3o de empregos nas regi\u00f5es produtoras\u201d, contextualiza a AIPC.<\/p>\n<\/div>\n<div>\n<p>Para a Associa\u00e7\u00e3o, al\u00e9m do impacto comercial, a tarifa traz riscos fiscais e operacionais severos. Isso porque as exporta\u00e7\u00f5es de derivados de cacau se d\u00e3o no \u00e2mbito do regime de <em>Drawback<\/em>, que permite a importa\u00e7\u00e3o de insumos com suspens\u00e3o de tributos, desde que destinados \u00e0 exporta\u00e7\u00e3o. <\/p>\n<p>De acordo com a entidade, a impossibilidade de honrar contratos firmados sob esse regime, devido \u00e0 inviabilidade econ\u00f4mica imposta pela tarifa, poder\u00e1 resultar em multas, exig\u00eancia de recolhimento de tributos suspensos e inseguran\u00e7a jur\u00eddica para o setor exportador.<\/p>\n<h2 class=\"wp-block-heading\" id=\"h-risco-juridico-e-logistico-a-cadeia-do-cacau\">Risco jur\u00eddico e log\u00edstico \u00e0 cadeia do cacau<\/h2>\n<p>A presidente-executiva da AIPC, Anna Paula Losi, ressalta que a imposi\u00e7\u00e3o da tarifa representa um risco n\u00e3o apenas econ\u00f4mico, mas tamb\u00e9m jur\u00eddico e log\u00edstico. \u201c\u00c9 fundamental preservar os canais de exporta\u00e7\u00e3o que garantem o funcionamento da ind\u00fastria, a gera\u00e7\u00e3o de empregos e a agrega\u00e7\u00e3o de valor \u00e0 produ\u00e7\u00e3o brasileira de cacau\u201d, afirma. <\/p>\n<p>Por fim, a AIPC defende a ado\u00e7\u00e3o urgente de medidas diplom\u00e1ticas e comerciais, com a atua\u00e7\u00e3o coordenada entre os governos brasileiro e norte-americano, para mitigar os impactos da medida e buscar alternativas que preservem a previsibilidade e a estabilidade das opera\u00e7\u00f5es de exporta\u00e7\u00e3o.<\/p>\n<\/p><\/div>\n<p><br \/>\n<br \/><a href=\"https:\/\/www.canalrural.com.br\/agricultura\/tarifas-ameacam-recorde-nas-vendas-brasileiras-de-cacau-aos-eua-alerta-setor\/\">Source link <\/a><\/p>\n","protected":false},"excerpt":{"rendered":"<p>A Associa\u00e7\u00e3o Nacional das Ind\u00fastrias Processadoras de Cacau (AIPC) divulgou nota nesta sexta-feira (11) em que expressa profunda preocupa\u00e7\u00e3o com<\/p>\n","protected":false},"author":1,"featured_media":16587,"comment_status":"open","ping_status":"open","sticky":false,"template":"","format":"standard","meta":{"_monsterinsights_skip_tracking":false,"_monsterinsights_sitenote_active":false,"_monsterinsights_sitenote_note":"","_monsterinsights_sitenote_category":0,"_uf_show_specific_survey":0,"_uf_disable_surveys":false,"footnotes":""},"categories":[1],"tags":[],"class_list":["post-16586","post","type-post","status-publish","format-standard","has-post-thumbnail","hentry","category-news"],"_links":{"self":[{"href":"https:\/\/agromt.news\/index.php?rest_route=\/wp\/v2\/posts\/16586"}],"collection":[{"href":"https:\/\/agromt.news\/index.php?rest_route=\/wp\/v2\/posts"}],"about":[{"href":"https:\/\/agromt.news\/index.php?rest_route=\/wp\/v2\/types\/post"}],"author":[{"embeddable":true,"href":"https:\/\/agromt.news\/index.php?rest_route=\/wp\/v2\/users\/1"}],"replies":[{"embeddable":true,"href":"https:\/\/agromt.news\/index.php?rest_route=%2Fwp%2Fv2%2Fcomments&post=16586"}],"version-history":[{"count":0,"href":"https:\/\/agromt.news\/index.php?rest_route=\/wp\/v2\/posts\/16586\/revisions"}],"wp:featuredmedia":[{"embeddable":true,"href":"https:\/\/agromt.news\/index.php?rest_route=\/wp\/v2\/media\/16587"}],"wp:attachment":[{"href":"https:\/\/agromt.news\/index.php?rest_route=%2Fwp%2Fv2%2Fmedia&parent=16586"}],"wp:term":[{"taxonomy":"category","embeddable":true,"href":"https:\/\/agromt.news\/index.php?rest_route=%2Fwp%2Fv2%2Fcategories&post=16586"},{"taxonomy":"post_tag","embeddable":true,"href":"https:\/\/agromt.news\/index.php?rest_route=%2Fwp%2Fv2%2Ftags&post=16586"}],"curies":[{"name":"wp","href":"https:\/\/api.w.org\/{rel}","templated":true}]}}