{"id":16580,"date":"2025-07-11T14:11:49","date_gmt":"2025-07-11T18:11:49","guid":{"rendered":"https:\/\/agromt.news\/?p=16580"},"modified":"2025-07-11T14:11:49","modified_gmt":"2025-07-11T18:11:49","slug":"aveia-branca-ocupa-mais-de-90-da-area-prevista","status":"publish","type":"post","link":"https:\/\/agromt.news\/?p=16580","title":{"rendered":"Aveia-branca ocupa mais de 90% da \u00e1rea prevista"},"content":{"rendered":"<p> <br \/>\n<\/p>\n<div>\n<div class=\"row\">\n<div class=\"col-lg col-infos mt-0 mt-lg-0\">\n<div class=\"section-sub-title\">\n<p itemprop=\"description\">&#13;<br \/>\n                                Geadas afetam fase reprodutiva da aveia no RS&#13;\n                            <\/p>\n<\/p><\/div>\n<div class=\"container\">\n<div class=\"row\">\n<div class=\"col-lg p-0\">\n<div>\n<div class=\"block-news-main-infos mt-3 text-start\">\n<p>                                            <strong class=\"fn\" itemprop=\"author\" style=\"color: rgb(112, 112, 112); \">&#13;<br \/>\n                                                <a href=\"https:\/\/www.agrolink.com.br\/noticias\/javascript:;\" class=\"text-uppercase\" target=\"_blank\" style=\"color: rgb(112, 112, 112); \" rel=\"noopener\">Agrolink<\/a>&#13;<br \/>\n&#13;<br \/>\n                                                    &#8211; Seane Lennon&#13;<br \/>\n&#13;<br \/>\n                                            <\/strong><br \/>\n                                        <\/p>\n<p>                                            <abbr><time datetime=\"2025-07-10T18:14\" itemprop=\"datePublished dateModified\">Publicado em 10\/07\/2025 \u00e0s 18:14h.<\/time><\/abbr><br \/>\n                                            <\/p><\/div>\n<\/p><\/div>\n<\/p><\/div>\n<div class=\"col-lg p-0 text-lg-end\">\n<div>\n<div id=\"mdEnviarPagina\" class=\"modal fade\" role=\"dialog\">\n<div class=\"modal-dialog\">\n<div class=\"modal-content\">\n<div class=\"modal-body\">\n<p><strong>Estimado usu\u00e1rio.<\/strong><br \/>Preencha o formul\u00e1rio abaixo para remeter a p\u00e1gina.<\/p>\n<\/p><\/div>\n<\/p><\/div>\n<\/p><\/div>\n<\/div><\/div>\n<\/p><\/div>\n<\/p><\/div>\n<\/p><\/div>\n<\/p><\/div>\n<\/p><\/div>\n<div class=\"row justify-content-md-center mt-3\">\n<div class=\"col-lg-auto col-image block-news-main-image\">\n<p>                                <img decoding=\"async\" src=\"https:\/\/www.agrolink.com.br\/upload\/imagens-resizes\/2e25aa9f89c54957bc50ec7d51233f0e_858x483.jpg\" class=\"lazyload img-fluid\"\/><br \/>\n                                                <span class=\"publicity-photo d-block mt-1\">Foto: Canva<\/span><\/p><\/div>\n<\/p><\/div>\n<div class=\"section-description section-description-noticias mt-3\">\n<p style=\"text-align:justify\">A semeadura da <a href=\"https:\/\/www.agrolink.com.br\/culturas\/aveia?utm_source=agrolink-detalhe-noticia&amp;utm_medium=detalhe-noticia&amp;utm_campaign=links-internos\" target=\"_blank\" rel=\"noopener\">aveia<\/a>-branca alcan\u00e7ou 92% da \u00e1rea prevista no Rio Grande do Sul, conforme dados do Informativo Conjuntural divulgado pela Emater\/RS-Ascar nesta quinta-feira (10). O avan\u00e7o foi favorecido por dias consecutivos de sol e pela redu\u00e7\u00e3o da umidade excessiva no solo.&#13;\n<\/p>\n<p style=\"text-align:justify\">Segundo a Emater\/RS-Ascar, \u201ca continuidade do tempo firme e a elevada radia\u00e7\u00e3o solar favoreceram o estabelecimento das \u00e1reas recentemente semeadas e contribu\u00edram para a recupera\u00e7\u00e3o das lavouras implantadas em junho\u201d. As lavouras est\u00e3o, em sua maioria, na fase vegetativa (88%), enquanto 9% se encontram em flora\u00e7\u00e3o e 3% no enchimento de gr\u00e3os, principalmente na regi\u00e3o Noroeste do estado.<\/p>\n<p style=\"text-align:justify\">As geadas intensas registradas nos \u00faltimos dias causaram danos pontuais nas folhas e atingiram estruturas reprodutivas em lavouras mais adiantadas, o que poder\u00e1 reduzir o potencial produtivo nessas \u00e1reas. O estado fitossanit\u00e1rio, no entanto, \u00e9 considerado satisfat\u00f3rio at\u00e9 o momento.&#13;\n<\/p>\n<p style=\"text-align:justify\">Os produtores seguem com os tratos culturais, com foco na aduba\u00e7\u00e3o nitrogenada em cobertura, aplica\u00e7\u00e3o preventiva de fungicidas e controle de plantas daninhas. A estimativa \u00e9 de que sejam cultivados 401.273 hectares, com produtividade m\u00e9dia prevista de 2.254 kg por hectare.<\/p>\n<p style=\"text-align:justify\">Na regi\u00e3o administrativa de Bag\u00e9, o avan\u00e7o da semeadura ocorreu com a melhora das condi\u00e7\u00f5es de solo, mas o acesso de m\u00e1quinas ainda foi dificultado em \u00e1reas mais \u00famidas. Em Hulha Negra, o excesso de chuvas em junho resultou em baixa densidade de plantas, exigindo replantio em extensas \u00e1reas. Em alguns casos, houve necessidade de uso de grade para corrigir sulcos provocados pela eros\u00e3o.&#13;\n<\/p>\n<p style=\"text-align:justify\">Na regi\u00e3o de Frederico Westphalen, 70% das lavouras est\u00e3o em desenvolvimento vegetativo e 30% em florescimento, fase prejudicada pelas temperaturas mais baixas. J\u00e1 na regi\u00e3o de Iju\u00ed, as lavouras apresentaram melhora no desenvolvimento e na colora\u00e7\u00e3o foliar, mas as geadas afetaram plantas em est\u00e1dio reprodutivo, com danos observados em infloresc\u00eancias e necrose nas hastes principais em fase de emiss\u00e3o de pan\u00edcula. Apesar disso, a \u00e1rea comprometida \u00e9 pequena em rela\u00e7\u00e3o ao total cultivado.<\/p>\n<\/p><\/div>\n<\/p><\/div>\n<p><script data-cfasync=\"false\">\n    !function (f, b, e, v, n, t, s) {\n        if (f.fbq) return; n = f.fbq = function () {\n            n.callMethod ?\n                n.callMethod.apply(n, arguments) : n.queue.push(arguments)\n        };\n        if (!f._fbq) f._fbq = n; n.push = n; n.loaded = !0; n.version = '2.0';\n        n.queue = []; t = b.createElement(e); t.async = !0;\n        t.src = v; s = b.getElementsByTagName(e)[0];\n        s.parentNode.insertBefore(t, s)\n    }(window, document, 'script',\n        'https:\/\/connect.facebook.net\/en_US\/fbevents.js');\n    fbq('init', '522546078623747');\n    fbq('track', 'PageView');\n<\/script><br \/>\n<br \/><br \/>\n<br \/><a href=\"https:\/\/www.agrolink.com.br\/noticias\/aveia-branca-ocupa-mais-de-90--da-area-prevista_503803.html\">Source link <\/a><\/p>\n","protected":false},"excerpt":{"rendered":"<p>&#13; Geadas afetam fase reprodutiva da aveia no RS&#13; &#13; Agrolink&#13; &#13; &#8211; Seane Lennon&#13; &#13; Publicado em 10\/07\/2025 \u00e0s<\/p>\n","protected":false},"author":1,"featured_media":3255,"comment_status":"open","ping_status":"open","sticky":false,"template":"","format":"standard","meta":{"_monsterinsights_skip_tracking":false,"_monsterinsights_sitenote_active":false,"_monsterinsights_sitenote_note":"","_monsterinsights_sitenote_category":0,"_uf_show_specific_survey":0,"_uf_disable_surveys":false,"footnotes":""},"categories":[8,1,14],"tags":[],"class_list":["post-16580","post","type-post","status-publish","format-standard","has-post-thumbnail","hentry","category-agro","category-news","category-politica-agro"],"_links":{"self":[{"href":"https:\/\/agromt.news\/index.php?rest_route=\/wp\/v2\/posts\/16580"}],"collection":[{"href":"https:\/\/agromt.news\/index.php?rest_route=\/wp\/v2\/posts"}],"about":[{"href":"https:\/\/agromt.news\/index.php?rest_route=\/wp\/v2\/types\/post"}],"author":[{"embeddable":true,"href":"https:\/\/agromt.news\/index.php?rest_route=\/wp\/v2\/users\/1"}],"replies":[{"embeddable":true,"href":"https:\/\/agromt.news\/index.php?rest_route=%2Fwp%2Fv2%2Fcomments&post=16580"}],"version-history":[{"count":0,"href":"https:\/\/agromt.news\/index.php?rest_route=\/wp\/v2\/posts\/16580\/revisions"}],"wp:featuredmedia":[{"embeddable":true,"href":"https:\/\/agromt.news\/index.php?rest_route=\/wp\/v2\/media\/3255"}],"wp:attachment":[{"href":"https:\/\/agromt.news\/index.php?rest_route=%2Fwp%2Fv2%2Fmedia&parent=16580"}],"wp:term":[{"taxonomy":"category","embeddable":true,"href":"https:\/\/agromt.news\/index.php?rest_route=%2Fwp%2Fv2%2Fcategories&post=16580"},{"taxonomy":"post_tag","embeddable":true,"href":"https:\/\/agromt.news\/index.php?rest_route=%2Fwp%2Fv2%2Ftags&post=16580"}],"curies":[{"name":"wp","href":"https:\/\/api.w.org\/{rel}","templated":true}]}}