{"id":16578,"date":"2025-07-11T13:05:16","date_gmt":"2025-07-11T17:05:16","guid":{"rendered":"https:\/\/agromt.news\/?p=16578"},"modified":"2025-07-11T13:05:16","modified_gmt":"2025-07-11T17:05:16","slug":"cna-e-mapa-discutem-modernizacao-da-classificacao-de-soja","status":"publish","type":"post","link":"https:\/\/agromt.news\/?p=16578","title":{"rendered":"CNA e Mapa discutem moderniza\u00e7\u00e3o da classifica\u00e7\u00e3o de soja"},"content":{"rendered":"<p> <br \/>\n<br \/><img decoding=\"async\" src=\"https:\/\/agromt.news\/wp-content\/uploads\/2025\/07\/CNA-e-Mapa-discutem-modernizacao-da-classificacao-de-soja.png\" \/><\/p>\n<div>\n<p><a href=\"https:\/\/api.whatsapp.com\/send?text=CNA%20e%20Minist%C3%A9rio%20da%20Agricultura%20discutem%20moderniza%C3%A7%C3%A3o%20da%20classifica%C3%A7%C3%A3o%20da%20soja%0D%0A%0D%0Ahttps%3A%2F%2Fwww.cnabrasil.org.br%2Fnoticias%2Fcna-e-ministerio-da-agricultura-discutem-modernizacao-da-classificacao-da-soja\"\/><a href=\"https:\/\/www.facebook.com\/sharer.php?u=https%3A%2F%2Fwww.cnabrasil.org.br%2Fnoticias%2Fcna-e-ministerio-da-agricultura-discutem-modernizacao-da-classificacao-da-soja\"\/><a href=\"https:\/\/twitter.com\/intent\/tweet?url=https%3A%2F%2Fwww.cnabrasil.org.br%2Fnoticias%2Fcna-e-ministerio-da-agricultura-discutem-modernizacao-da-classificacao-da-soja&amp;text=CNA%20e%20Minist%C3%A9rio%20da%20Agricultura%20discutem%20moderniza%C3%A7%C3%A3o%20da%20classifica%C3%A7%C3%A3o%20da%20soja%3A\"\/><a href=\"https:\/\/www.linkedin.com\/sharing\/share-offsite\/?url=https%3A%2F%2Fwww.cnabrasil.org.br%2Fnoticias%2Fcna-e-ministerio-da-agricultura-discutem-modernizacao-da-classificacao-da-soja\"\/>A Confedera\u00e7\u00e3o da Agricultura e Pecu\u00e1ria do Brasil (<a href=\"https:\/\/www.cnabrasil.org.br\/\">CNA<\/a>) se reuniu, nesta semana, com o diretor do Departamento de Inspe\u00e7\u00e3o de Produtos de Origem Vegetal do Minist\u00e9rio da Agricultura, Hugo Caruso, para tratar de temas ligados \u00e0 <a href=\"https:\/\/www.canalrural.com.br\/?s=classifica%C3%A7%C3%A3o+da+soja\">classifica\u00e7\u00e3o <\/a>de soja.<\/p>\n<ul class=\"wp-block-list\">\n<li><strong><em>Fique por dentro das novidades e not\u00edcias recentes sobre a soja! Participe da nossa comunidade atrav\u00e9s do\u00a0<a href=\"https:\/\/chat.whatsapp.com\/BmMRwA0TZ2DHGyhzoaVEWu\">link<\/a><\/em><\/strong>!<\/li>\n<\/ul>\n<p>No encontro, o presidente da Comiss\u00e3o Nacional de Cereais, Fibras e Oleaginosas da CNA, Andr\u00e9 Dobashi, destacou a import\u00e2ncia de se aperfei\u00e7oar os par\u00e2metros utilizados na classifica\u00e7\u00e3o da oleaginosa, principalmente na refer\u00eancia de umidade utilizada e o crit\u00e9rio de quebra aplicado.<\/p>\n<h2 class=\"wp-block-heading\" id=\"h-criterios-adotados-para-a-soja\">Crit\u00e9rios adotados para a soja<\/h2>\n<p>A CNA defende crit\u00e9rios mais justos no processo de avalia\u00e7\u00e3o dos gr\u00e3os e mais transpar\u00eancia na apura\u00e7\u00e3o da qualidade. \u201cPrecisamos garantir crit\u00e9rios objetivos e justos, que n\u00e3o penalizem o produtor de forma indevida e que estejam alinhados com a realidade do campo\u201d, afirmou.<\/p>\n<\/div>\n<div>\n<p>J\u00e1 o assessor t\u00e9cnico da CNA, Tiago Pereira, refor\u00e7ou que a entidade tem atuado no desenvolvimento de solu\u00e7\u00f5es tecnol\u00f3gicas para automatizar os processos de classifica\u00e7\u00e3o. \u201cEstamos avan\u00e7ando com testes e parcerias que permitam tirar a subjetividade da an\u00e1lise visual, promovendo mais rapidez e seguran\u00e7a para o setor\u201d, explicou.<\/p>\n<p>Durante o encontro, o diretor do Mapa mencionou as recentes conversas com autoridades chinesas sobre a qualidade da soja brasileira, sinalizando que o tema tem sido acompanhado com aten\u00e7\u00e3o pelos principais mercados compradores.<\/p>\n<p>A coordenadora de produ\u00e7\u00e3o agr\u00edcola da CNA, Ana L\u00edgia Lenat, disse que a CNA mant\u00e9m o di\u00e1logo com governo e setor privado para fortalecer a pauta da classifica\u00e7\u00e3o de gr\u00e3os como elemento principal para a competitividade da produ\u00e7\u00e3o brasileira.<\/p>\n<\/p><\/div>\n<p><script async src=\"\/\/platform.twitter.com\/widgets.js\" charset=\"utf-8\"><\/script><br \/>\n<br \/><br \/>\n<br \/><a href=\"https:\/\/www.canalrural.com.br\/agricultura\/projeto-soja-brasil\/cna-e-mapa-discutem-modernizacao-da-classificacao-de-soja\/\">Source link <\/a><\/p>\n","protected":false},"excerpt":{"rendered":"<p>A Confedera\u00e7\u00e3o da Agricultura e Pecu\u00e1ria do Brasil (CNA) se reuniu, nesta semana, com o diretor do Departamento de Inspe\u00e7\u00e3o<\/p>\n","protected":false},"author":1,"featured_media":16579,"comment_status":"open","ping_status":"open","sticky":false,"template":"","format":"standard","meta":{"_monsterinsights_skip_tracking":false,"_monsterinsights_sitenote_active":false,"_monsterinsights_sitenote_note":"","_monsterinsights_sitenote_category":0,"_uf_show_specific_survey":0,"_uf_disable_surveys":false,"footnotes":""},"categories":[1],"tags":[],"class_list":["post-16578","post","type-post","status-publish","format-standard","has-post-thumbnail","hentry","category-news"],"_links":{"self":[{"href":"https:\/\/agromt.news\/index.php?rest_route=\/wp\/v2\/posts\/16578"}],"collection":[{"href":"https:\/\/agromt.news\/index.php?rest_route=\/wp\/v2\/posts"}],"about":[{"href":"https:\/\/agromt.news\/index.php?rest_route=\/wp\/v2\/types\/post"}],"author":[{"embeddable":true,"href":"https:\/\/agromt.news\/index.php?rest_route=\/wp\/v2\/users\/1"}],"replies":[{"embeddable":true,"href":"https:\/\/agromt.news\/index.php?rest_route=%2Fwp%2Fv2%2Fcomments&post=16578"}],"version-history":[{"count":0,"href":"https:\/\/agromt.news\/index.php?rest_route=\/wp\/v2\/posts\/16578\/revisions"}],"wp:featuredmedia":[{"embeddable":true,"href":"https:\/\/agromt.news\/index.php?rest_route=\/wp\/v2\/media\/16579"}],"wp:attachment":[{"href":"https:\/\/agromt.news\/index.php?rest_route=%2Fwp%2Fv2%2Fmedia&parent=16578"}],"wp:term":[{"taxonomy":"category","embeddable":true,"href":"https:\/\/agromt.news\/index.php?rest_route=%2Fwp%2Fv2%2Fcategories&post=16578"},{"taxonomy":"post_tag","embeddable":true,"href":"https:\/\/agromt.news\/index.php?rest_route=%2Fwp%2Fv2%2Ftags&post=16578"}],"curies":[{"name":"wp","href":"https:\/\/api.w.org\/{rel}","templated":true}]}}