{"id":16577,"date":"2025-07-11T12:49:51","date_gmt":"2025-07-11T16:49:51","guid":{"rendered":"https:\/\/agromt.news\/?p=16577"},"modified":"2025-07-11T12:49:51","modified_gmt":"2025-07-11T16:49:51","slug":"trump-diz-que-deve-conversar-com-lula-em-algum-momento-sobre-taxacao-de-produtos-brasileiros","status":"publish","type":"post","link":"https:\/\/agromt.news\/?p=16577","title":{"rendered":"Trump diz que deve conversar com Lula &#8216;em algum momento&#8217; sobre taxa\u00e7\u00e3o de produtos brasileiros"},"content":{"rendered":"<p> <br \/>\n<br \/><img decoding=\"async\" src=\"https:\/\/agromt.news\/wp-content\/uploads\/2024\/11\/lula-parabeniza-trump.jpg\" \/><\/p>\n<div>\n<p>Donald Trump disse nesta sexta-feira (11) que deve conversar com Lula \u201cem algum momento, mas n\u00e3o agora\u201d sobre a taxa\u00e7\u00e3o de 50% das exporta\u00e7\u00f5es brasileiras. A declara\u00e7\u00e3o foi feita para a rep\u00f3rter Raquel Kr\u00e4henb\u00fchl, da TV Globo, durante entrevista com jornalistas.<\/p>\n<p>O aceno de uma possibilidade de negocia\u00e7\u00e3o com Brasil do presidente americano vem ap\u00f3s Trump anunciar na quarta-feira (9) enviar uma carta para Lula, anunciando uma tarifa de 50% sobre produtos brasileiros. A previs\u00e3o \u00e9 que a nova taxa entre em vigor m 1\u00ba de agosto.<\/p>\n<p>Ainda durante a entrevista, o republicano defendeu o ex-presidente Jair Bolsonaro. \u201cEle [Lula] est\u00e1 tratando o presidente Bolsonaro de forma muito injusta\u201d, continuou Trump. \u201cEu o conhe\u00e7o bem, j\u00e1 negociei com ele e ele \u00e9 um bom negociador. Posso te falar que ele \u00e9 um homem muito honesto e ama o povo brasileiro\u201d, disse.<\/p>\n<\/div>\n<p><br \/>\n<br \/><a href=\"https:\/\/www.canalrural.com.br\/economia\/trump-diz-que-deve-conversar-com-lula-em-algum-momento-sobre-taxacao-de-produtos-brasileiros\/\">Source link <\/a><\/p>\n","protected":false},"excerpt":{"rendered":"<p>Donald Trump disse nesta sexta-feira (11) que deve conversar com Lula \u201cem algum momento, mas n\u00e3o agora\u201d sobre a taxa\u00e7\u00e3o<\/p>\n","protected":false},"author":1,"featured_media":4551,"comment_status":"open","ping_status":"open","sticky":false,"template":"","format":"standard","meta":{"_monsterinsights_skip_tracking":false,"_monsterinsights_sitenote_active":false,"_monsterinsights_sitenote_note":"","_monsterinsights_sitenote_category":0,"_uf_show_specific_survey":0,"_uf_disable_surveys":false,"footnotes":""},"categories":[1],"tags":[],"class_list":["post-16577","post","type-post","status-publish","format-standard","has-post-thumbnail","hentry","category-news"],"_links":{"self":[{"href":"https:\/\/agromt.news\/index.php?rest_route=\/wp\/v2\/posts\/16577"}],"collection":[{"href":"https:\/\/agromt.news\/index.php?rest_route=\/wp\/v2\/posts"}],"about":[{"href":"https:\/\/agromt.news\/index.php?rest_route=\/wp\/v2\/types\/post"}],"author":[{"embeddable":true,"href":"https:\/\/agromt.news\/index.php?rest_route=\/wp\/v2\/users\/1"}],"replies":[{"embeddable":true,"href":"https:\/\/agromt.news\/index.php?rest_route=%2Fwp%2Fv2%2Fcomments&post=16577"}],"version-history":[{"count":0,"href":"https:\/\/agromt.news\/index.php?rest_route=\/wp\/v2\/posts\/16577\/revisions"}],"wp:featuredmedia":[{"embeddable":true,"href":"https:\/\/agromt.news\/index.php?rest_route=\/wp\/v2\/media\/4551"}],"wp:attachment":[{"href":"https:\/\/agromt.news\/index.php?rest_route=%2Fwp%2Fv2%2Fmedia&parent=16577"}],"wp:term":[{"taxonomy":"category","embeddable":true,"href":"https:\/\/agromt.news\/index.php?rest_route=%2Fwp%2Fv2%2Fcategories&post=16577"},{"taxonomy":"post_tag","embeddable":true,"href":"https:\/\/agromt.news\/index.php?rest_route=%2Fwp%2Fv2%2Ftags&post=16577"}],"curies":[{"name":"wp","href":"https:\/\/api.w.org\/{rel}","templated":true}]}}