{"id":16573,"date":"2025-07-11T12:18:14","date_gmt":"2025-07-11T16:18:14","guid":{"rendered":"https:\/\/agromt.news\/?p=16573"},"modified":"2025-07-11T12:18:14","modified_gmt":"2025-07-11T16:18:14","slug":"possivel-retorno-do-la-nina-veja-como-fica-o-tempo-no-brasil-ate-agosto","status":"publish","type":"post","link":"https:\/\/agromt.news\/?p=16573","title":{"rendered":"Poss\u00edvel retorno do La Ni\u00f1a? Veja como fica o tempo no Brasil at\u00e9 agosto"},"content":{"rendered":"<p> <br \/>\n<br \/><img decoding=\"async\" src=\"https:\/\/agromt.news\/wp-content\/uploads\/2025\/07\/Possivel-retorno-do-La-Nina-Veja-como-fica-o-tempo.jpg\" \/><\/p>\n<div>\n<p>Um relat\u00f3rio divulgado na quarta-feira (10) pela Administra\u00e7\u00e3o Nacional Oce\u00e2nica e Atmosf\u00e9rica dos Estados Unidos (NOAA, na sigla em ingl\u00eas) apontou a possibilidade de retorno do <a href=\"https:\/\/www.canalrural.com.br\/agricultura\/projeto-soja-brasil\/el-nino-ou-la-nina-fenomenos-chegam-as-lavouras-de-soja\/\">fen\u00f4meno <\/a>La Ni\u00f1a ainda este ano. A an\u00e1lise, destacada pela Rural Clima e repercutida pela consultoria <a href=\"https:\/\/safras.com.br\/\">Safras &amp; Mercado<\/a>, reacende o alerta para impactos do tempo no in\u00edcio da pr\u00f3xima safra de soja brasileira. Afinal, o fen\u00f4meno chega \u00e0s lavouras ou n\u00e3o? <\/p>\n<div data-icp-cta=\"1\" id=\"icp-cta-unique\">Voc\u00ea quer entender como usar o clima a seu favor?<b> <\/b><a href=\"https:\/\/climacampo.canalrural.com.br\/climacampo_-01\">Preparamos um e-book exclusivo<\/a> para ajudar produtores rurais a se antecipar \u00e0s mudan\u00e7as do tempo e planejar melhor suas a\u00e7\u00f5es. Com base em previs\u00f5es meteorol\u00f3gicas confi\u00e1veis, ele oferece orienta\u00e7\u00f5es pr\u00e1ticas para proteger sua lavoura e otimizar seus resultados.<\/div>\n<ul class=\"wp-block-list\">\n<li><strong><em>Fique por dentro das novidades e not\u00edcias recentes sobre a soja! Participe da nossa comunidade atrav\u00e9s do\u00a0<a href=\"https:\/\/chat.whatsapp.com\/BmMRwA0TZ2DHGyhzoaVEWu\">link<\/a><\/em><\/strong>!<\/li>\n<\/ul>\n<h3 class=\"wp-block-heading\" id=\"h-inverno-seco\">Inverno seco <\/h3>\n<p>O meteorologista Arthur M\u00fcller, do Canal Rural, projeta um inverno mais seco e quente no Brasil, sobretudo nas regi\u00f5es Centro-Oeste e Sudeste. A tend\u00eancia para julho e agosto \u00e9 de pouca chuva e temperaturas mais elevadas.<\/p>\n<p>Segundo M\u00fcller, a boa not\u00edcia \u00e9 que as chuvas devem retornar a partir de setembro, com volumes acima da m\u00e9dia nas principais regi\u00f5es produtoras de soja. \u201cO inverno ser\u00e1 seco e quente, mas a chuva volta no momento certo para quem vai plantar soja\u201d, afirma.<\/p>\n<p>A d\u00favida que permanece \u00e9 se o Pac\u00edfico continuar\u00e1 em neutralidade ou se o La Ni\u00f1a ser\u00e1 oficialmente configurado. As pr\u00f3ximas atualiza\u00e7\u00f5es clim\u00e1ticas devem ser decisivas para a defini\u00e7\u00e3o do cen\u00e1rio da safra brasileira.<\/p>\n<h2 class=\"wp-block-heading\" id=\"h-como-fica-o-tempo-no-plantio-da-soja\">Como fica o tempo no plantio da soja?<\/h2>\n<p>O agrometeorologista Marco Antonio dos Santos explica que, embora o fen\u00f4meno possa marcar o in\u00edcio do plantio, a tend\u00eancia \u00e9 de retorno \u00e0 neutralidade a partir da primavera. \u201cAs condi\u00e7\u00f5es indicam que a safra brasileira poderia iniciar sob efeito do La Ni\u00f1a, mas que, a partir da primavera, o clima voltaria para uma neutralidade\u201d, afirma.<\/p>\n<\/div>\n<div>\n<p>Segundo ele, o principal risco est\u00e1 na Regi\u00e3o Sul, que pode enfrentar chuvas mais irregulares em dezembro. \u201cN\u00e3o se descarta que, entre novembro e fevereiro, \u00e1reas do Rio Grande do Sul apresentem alguns per\u00edodos de estiagem, com dura\u00e7\u00e3o entre 20 a 30 dias\u201d, comenta. No entanto, Santos ressalta que ainda \u00e9 preciso aguardar novas rodadas de dados para confirmar se haver\u00e1 uma queda consistente de temperatura no Pac\u00edfico, o que caracterizaria oficialmente o retorno do fen\u00f4meno.<\/p>\n<p>Mesmo sem uma confirma\u00e7\u00e3o oficial de La Ni\u00f1a na safra passada, o especialista lembra que a atmosfera respondeu como se o fen\u00f4meno estivesse ativo. Isso provocou estiagens em estados como Rio Grande do Sul, Santa Catarina, Paran\u00e1 e Mato Grosso do Sul.<\/p>\n<h3 class=\"wp-block-heading\" id=\"h-previsao-do-tempo-para-os-proximos-dias\">Previs\u00e3o do tempo para os pr\u00f3ximos dias <\/h3>\n<p>Para o curto prazo, Santos prev\u00ea tempo aberto em grande parte do pa\u00eds at\u00e9 domingo (14), com exce\u00e7\u00e3o do extremo norte da Regi\u00e3o Norte e do litoral do Nordeste, onde podem ocorrer chuvas isoladas.<\/p>\n<p>A partir de domingo, pancadas ocasionais de chuva devem atingir o Rio Grande do Sul e partes de Minas Gerais. J\u00e1 entre os dias 16 e 17, est\u00e1 previsto o retorno das chuvas em maior volume ao territ\u00f3rio ga\u00facho, embora o tempo deva firmar novamente a partir do dia 18.<\/p>\n<p>Com o predom\u00ednio das massas de ar polar, o meteorologista projeta um m\u00eas de julho marcado por dias de grande amplitude t\u00e9rmica, com manh\u00e3s frias e temperaturas mais elevadas ao longo do dia.<\/p>\n<h3 class=\"wp-block-heading\" id=\"h-chuvas-nos-estados-unidos-favorecem-lavouras\">Chuvas nos Estados Unidos favorecem lavouras<\/h3>\n<p>Nos Estados Unidos, o cen\u00e1rio segue monitorado. As chuvas continuam no Texas, o que mant\u00e9m as preocupa\u00e7\u00f5es com alagamentos. J\u00e1 para o Meio-Oeste norte-americano, onde se concentram grandes \u00e1reas de cultivo de milho e soja, as previs\u00f5es apontam chuvas dentro da m\u00e9dia nos pr\u00f3ximos 15 dias, o que deve favorecer o desenvolvimento das lavouras.<\/p>\n<h3 class=\"wp-block-heading\" id=\"h-\"\/>\n\t<\/div>\n<p><br \/>\n<br \/><a href=\"https:\/\/www.canalrural.com.br\/agricultura\/projeto-soja-brasil\/possivel-retorno-do-la-nina-veja-como-fica-o-tempo-no-brasil-ate-agosto\/\">Source link <\/a><\/p>\n","protected":false},"excerpt":{"rendered":"<p>Um relat\u00f3rio divulgado na quarta-feira (10) pela Administra\u00e7\u00e3o Nacional Oce\u00e2nica e Atmosf\u00e9rica dos Estados Unidos (NOAA, na sigla em ingl\u00eas)<\/p>\n","protected":false},"author":1,"featured_media":16574,"comment_status":"open","ping_status":"open","sticky":false,"template":"","format":"standard","meta":{"_monsterinsights_skip_tracking":false,"_monsterinsights_sitenote_active":false,"_monsterinsights_sitenote_note":"","_monsterinsights_sitenote_category":0,"_uf_show_specific_survey":0,"_uf_disable_surveys":false,"footnotes":""},"categories":[1],"tags":[],"class_list":["post-16573","post","type-post","status-publish","format-standard","has-post-thumbnail","hentry","category-news"],"_links":{"self":[{"href":"https:\/\/agromt.news\/index.php?rest_route=\/wp\/v2\/posts\/16573"}],"collection":[{"href":"https:\/\/agromt.news\/index.php?rest_route=\/wp\/v2\/posts"}],"about":[{"href":"https:\/\/agromt.news\/index.php?rest_route=\/wp\/v2\/types\/post"}],"author":[{"embeddable":true,"href":"https:\/\/agromt.news\/index.php?rest_route=\/wp\/v2\/users\/1"}],"replies":[{"embeddable":true,"href":"https:\/\/agromt.news\/index.php?rest_route=%2Fwp%2Fv2%2Fcomments&post=16573"}],"version-history":[{"count":0,"href":"https:\/\/agromt.news\/index.php?rest_route=\/wp\/v2\/posts\/16573\/revisions"}],"wp:featuredmedia":[{"embeddable":true,"href":"https:\/\/agromt.news\/index.php?rest_route=\/wp\/v2\/media\/16574"}],"wp:attachment":[{"href":"https:\/\/agromt.news\/index.php?rest_route=%2Fwp%2Fv2%2Fmedia&parent=16573"}],"wp:term":[{"taxonomy":"category","embeddable":true,"href":"https:\/\/agromt.news\/index.php?rest_route=%2Fwp%2Fv2%2Fcategories&post=16573"},{"taxonomy":"post_tag","embeddable":true,"href":"https:\/\/agromt.news\/index.php?rest_route=%2Fwp%2Fv2%2Ftags&post=16573"}],"curies":[{"name":"wp","href":"https:\/\/api.w.org\/{rel}","templated":true}]}}