{"id":16572,"date":"2025-07-11T12:14:28","date_gmt":"2025-07-11T16:14:28","guid":{"rendered":"https:\/\/agromt.news\/?p=16572"},"modified":"2025-07-11T12:14:28","modified_gmt":"2025-07-11T16:14:28","slug":"preco-do-boi-gordo-cai-apos-feriado-e-tarifas-dos-eua","status":"publish","type":"post","link":"https:\/\/agromt.news\/?p=16572","title":{"rendered":"Pre\u00e7o do boi gordo cai ap\u00f3s feriado e tarifas dos EUA"},"content":{"rendered":"<p> <br \/>\n<\/p>\n<div>\n<p style=\"text-align:justify\">O mercado do boi gordo iniciou a quinta-feira (10) com retra\u00e7\u00e3o nas pra\u00e7as paulistas, segundo a an\u00e1lise &#8220;Tem Boi na Linha&#8221;, divulgada pela Scot Consultoria. A combina\u00e7\u00e3o do feriado estadual e do an\u00fancio de novas tarifas comerciais de 50% contra o Brasil pelo presidente dos Estados Unidos gerou incertezas e afastou os principais compradores do mercado.&#13;\n<\/p>\n<p style=\"text-align:justify\">De acordo com a consultoria, &#8220;a grande parcela da ind\u00fastria exportadora do estado tinha sa\u00eddo das compras e, se n\u00e3o saiu, estava prestes a sair, independentemente se exporta seus produtos aos Estados Unidos da Am\u00e9rica ou n\u00e3o&#8221;. O movimento de retra\u00e7\u00e3o atingiu tamb\u00e9m os compradores voltados ao mercado interno, ainda que de forma mais moderada.<\/p>\n<p style=\"text-align:justify\">A menor atua\u00e7\u00e3o da ind\u00fastria favoreceu a perman\u00eancia de uma pequena parte dos compradores no mercado, que buscaram alongar as escalas de abate diante da aus\u00eancia de concorr\u00eancia. As escalas mais confort\u00e1veis dos \u00faltimos dias permitiram que as ind\u00fastrias se retirassem das compras sem comprometer a produ\u00e7\u00e3o de curto prazo. A percep\u00e7\u00e3o predominante no setor \u00e9 de preocupa\u00e7\u00e3o.&#13;\n<\/p>\n<p style=\"text-align:justify\">Apesar do cen\u00e1rio de retra\u00e7\u00e3o, neg\u00f3cios espor\u00e1dicos foram registrados no in\u00edcio da manh\u00e3, durante o feriado e nos primeiros dias da semana. Nessas opera\u00e7\u00f5es, a oferta superou a demanda, o que resultou na queda de R$1,00 por arroba para os machos e de R$2,00 por arroba para as f\u00eameas. Em S\u00e3o Paulo, as escalas de abate est\u00e3o, em m\u00e9dia, para oito dias.<\/p>\n<p style=\"text-align:justify\">Em Mato Grosso do Sul, a situa\u00e7\u00e3o tamb\u00e9m foi marcada por lentid\u00e3o nas negocia\u00e7\u00f5es. A maior oferta de animais nas \u00faltimas semanas pressionou os pre\u00e7os em algumas regi\u00f5es, acompanhando o movimento de cautela observado em S\u00e3o Paulo.<\/p>\n<p style=\"text-align:justify\">Na regi\u00e3o de Tr\u00eas Lagoas, o pre\u00e7o do boi gordo recuou R$3,00 por arroba. Para as f\u00eameas, as cota\u00e7\u00f5es permaneceram est\u00e1veis. As escalas de abate na localidade est\u00e3o projetadas, em m\u00e9dia, para nove dias.<\/p>\n<p style=\"text-align:justify\">J\u00e1 em Dourados, os pre\u00e7os se mantiveram est\u00e1veis e as escalas est\u00e3o, em m\u00e9dia, para seis dias.<br \/>&#13;<br \/>\n\u00a0<\/p>\n<\/p><\/div>\n<p><script data-cfasync=\"false\">\n    !function (f, b, e, v, n, t, s) {\n        if (f.fbq) return; n = f.fbq = function () {\n            n.callMethod ?\n                n.callMethod.apply(n, arguments) : n.queue.push(arguments)\n        };\n        if (!f._fbq) f._fbq = n; n.push = n; n.loaded = !0; n.version = '2.0';\n        n.queue = []; t = b.createElement(e); t.async = !0;\n        t.src = v; s = b.getElementsByTagName(e)[0];\n        s.parentNode.insertBefore(t, s)\n    }(window, document, 'script',\n        'https:\/\/connect.facebook.net\/en_US\/fbevents.js');\n    fbq('init', '522546078623747');\n    fbq('track', 'PageView');\n<\/script><br \/>\n<br \/><br \/>\n<br \/><a href=\"https:\/\/www.agrolink.com.br\/noticias\/preco-do-boi-gordo-cai-apos-feriado-e-tarifas-dos-eua_503804.html\">Source link <\/a><\/p>\n","protected":false},"excerpt":{"rendered":"<p>O mercado do boi gordo iniciou a quinta-feira (10) com retra\u00e7\u00e3o nas pra\u00e7as paulistas, segundo a an\u00e1lise &#8220;Tem Boi na<\/p>\n","protected":false},"author":1,"featured_media":2291,"comment_status":"open","ping_status":"open","sticky":false,"template":"","format":"standard","meta":{"_monsterinsights_skip_tracking":false,"_monsterinsights_sitenote_active":false,"_monsterinsights_sitenote_note":"","_monsterinsights_sitenote_category":0,"_uf_show_specific_survey":0,"_uf_disable_surveys":false,"footnotes":""},"categories":[8,1,14],"tags":[],"class_list":["post-16572","post","type-post","status-publish","format-standard","has-post-thumbnail","hentry","category-agro","category-news","category-politica-agro"],"_links":{"self":[{"href":"https:\/\/agromt.news\/index.php?rest_route=\/wp\/v2\/posts\/16572"}],"collection":[{"href":"https:\/\/agromt.news\/index.php?rest_route=\/wp\/v2\/posts"}],"about":[{"href":"https:\/\/agromt.news\/index.php?rest_route=\/wp\/v2\/types\/post"}],"author":[{"embeddable":true,"href":"https:\/\/agromt.news\/index.php?rest_route=\/wp\/v2\/users\/1"}],"replies":[{"embeddable":true,"href":"https:\/\/agromt.news\/index.php?rest_route=%2Fwp%2Fv2%2Fcomments&post=16572"}],"version-history":[{"count":0,"href":"https:\/\/agromt.news\/index.php?rest_route=\/wp\/v2\/posts\/16572\/revisions"}],"wp:featuredmedia":[{"embeddable":true,"href":"https:\/\/agromt.news\/index.php?rest_route=\/wp\/v2\/media\/2291"}],"wp:attachment":[{"href":"https:\/\/agromt.news\/index.php?rest_route=%2Fwp%2Fv2%2Fmedia&parent=16572"}],"wp:term":[{"taxonomy":"category","embeddable":true,"href":"https:\/\/agromt.news\/index.php?rest_route=%2Fwp%2Fv2%2Fcategories&post=16572"},{"taxonomy":"post_tag","embeddable":true,"href":"https:\/\/agromt.news\/index.php?rest_route=%2Fwp%2Fv2%2Ftags&post=16572"}],"curies":[{"name":"wp","href":"https:\/\/api.w.org\/{rel}","templated":true}]}}