{"id":16568,"date":"2025-07-11T11:50:38","date_gmt":"2025-07-11T15:50:38","guid":{"rendered":"https:\/\/agromt.news\/?p=16568"},"modified":"2025-07-11T11:50:38","modified_gmt":"2025-07-11T15:50:38","slug":"favaro-pede-o-fim-de-restricoes-ao-frango-brasileiro","status":"publish","type":"post","link":"https:\/\/agromt.news\/?p=16568","title":{"rendered":"Favaro pede o fim de restri\u00e7\u00f5es ao frango brasileiro"},"content":{"rendered":"<p> <br \/>\n<br \/><img decoding=\"async\" src=\"https:\/\/agromt.news\/wp-content\/uploads\/2025\/07\/Favaro-pede-o-fim-de-restricoes-ao-frango-brasileiro.jpg\" \/><\/p>\n<div>\n<p>O ministro da Agricultura, Carlos F\u00e1varo, pediu \u00e0 Uni\u00e3o Europeia que <strong>r<\/strong><a href=\"https:\/\/www.canalrural.com.br\/aves-e-suinos\/brasil-se-declara-livre-de-gripe-aviaria-e-espera-acelerar-retomada-das-exportacoes\/\">econhe\u00e7a o Brasil como pa\u00eds livre de gripe avi\u00e1ria<\/a> para a retomada das exporta\u00e7\u00f5es de frango ao bloco. A solicita\u00e7\u00e3o foi feita ao comiss\u00e1rio de sa\u00fade e bem-estar animal da Uni\u00e3o Europeia (UE), Oliv\u00e9r V\u00e1rhelyi, nesta quinta-feira (10), em reuni\u00e3o por videoconfer\u00eancia. O comiss\u00e1rio europeu pediu informa\u00e7\u00f5es adicionais ao governo brasileiro para an\u00e1lise da retomada das importa\u00e7\u00f5es.<\/p>\n<p>Em nota, o Minist\u00e9rio da Agricultura afirmou que o encontro visava discutir os pr\u00f3ximos passos para a retirada das restri\u00e7\u00f5es impostas pelo bloco \u00e0s exporta\u00e7\u00f5es de carne de frango brasileira, ap\u00f3s a confirma\u00e7\u00e3o de um foco de influenza avi\u00e1ria de alta patogenicidade (IAAP) em uma granja comercial em Montenegro (RS), em maio. Desde 16 de maio, est\u00e3o suspensas exporta\u00e7\u00f5es de frango de todo o territ\u00f3rio brasileiro ao bloco europeu, conforme previsto no protocolo acordado entre o Brasil e a UE.<\/p>\n<\/div>\n<p><br \/>\n<br \/><a href=\"https:\/\/www.canalrural.com.br\/aves-e-suinos\/favaro-pede-o-fim-de-restricoes-ao-frango-brasileiro\/\">Source link <\/a><\/p>\n","protected":false},"excerpt":{"rendered":"<p>O ministro da Agricultura, Carlos F\u00e1varo, pediu \u00e0 Uni\u00e3o Europeia que reconhe\u00e7a o Brasil como pa\u00eds livre de gripe avi\u00e1ria<\/p>\n","protected":false},"author":1,"featured_media":16569,"comment_status":"open","ping_status":"open","sticky":false,"template":"","format":"standard","meta":{"_monsterinsights_skip_tracking":false,"_monsterinsights_sitenote_active":false,"_monsterinsights_sitenote_note":"","_monsterinsights_sitenote_category":0,"_uf_show_specific_survey":0,"_uf_disable_surveys":false,"footnotes":""},"categories":[1],"tags":[],"class_list":["post-16568","post","type-post","status-publish","format-standard","has-post-thumbnail","hentry","category-news"],"_links":{"self":[{"href":"https:\/\/agromt.news\/index.php?rest_route=\/wp\/v2\/posts\/16568"}],"collection":[{"href":"https:\/\/agromt.news\/index.php?rest_route=\/wp\/v2\/posts"}],"about":[{"href":"https:\/\/agromt.news\/index.php?rest_route=\/wp\/v2\/types\/post"}],"author":[{"embeddable":true,"href":"https:\/\/agromt.news\/index.php?rest_route=\/wp\/v2\/users\/1"}],"replies":[{"embeddable":true,"href":"https:\/\/agromt.news\/index.php?rest_route=%2Fwp%2Fv2%2Fcomments&post=16568"}],"version-history":[{"count":0,"href":"https:\/\/agromt.news\/index.php?rest_route=\/wp\/v2\/posts\/16568\/revisions"}],"wp:featuredmedia":[{"embeddable":true,"href":"https:\/\/agromt.news\/index.php?rest_route=\/wp\/v2\/media\/16569"}],"wp:attachment":[{"href":"https:\/\/agromt.news\/index.php?rest_route=%2Fwp%2Fv2%2Fmedia&parent=16568"}],"wp:term":[{"taxonomy":"category","embeddable":true,"href":"https:\/\/agromt.news\/index.php?rest_route=%2Fwp%2Fv2%2Fcategories&post=16568"},{"taxonomy":"post_tag","embeddable":true,"href":"https:\/\/agromt.news\/index.php?rest_route=%2Fwp%2Fv2%2Ftags&post=16568"}],"curies":[{"name":"wp","href":"https:\/\/api.w.org\/{rel}","templated":true}]}}