{"id":16567,"date":"2025-07-11T11:35:43","date_gmt":"2025-07-11T15:35:43","guid":{"rendered":"https:\/\/agromt.news\/?p=16567"},"modified":"2025-07-11T11:35:43","modified_gmt":"2025-07-11T15:35:43","slug":"tarifaco-de-trump-forca-os-politicos-a-pensarem-no-pais-nao-em-si-mesmos","status":"publish","type":"post","link":"https:\/\/agromt.news\/?p=16567","title":{"rendered":"Tarifa\u00e7o de Trump for\u00e7a os pol\u00edticos a pensarem no pa\u00eds, n\u00e3o em si mesmos"},"content":{"rendered":"<p> <br \/>\n<br \/><img decoding=\"async\" src=\"https:\/\/agromt.news\/wp-content\/uploads\/2024\/11\/Vitoria-de-Trump-deixa-agricultores-dos-EUA-com-muitas-perguntas.jpg\" \/><\/p>\n<div>\n<p>A tarifa de 50% imposta pelos Estados Unidos sobre os produtos brasileiros \u00e9 um soco no est\u00f4mago da economia nacional. Mas talvez, mais do que um ataque estrangeiro, ela funcione como um espelho cruel: mostrou que o Brasil est\u00e1 vulner\u00e1vel n\u00e3o apenas l\u00e1 fora \u2014 mas aqui dentro, onde a pol\u00edtica virou teatro de vaidades.<\/p>\n<p>Por meses, o pa\u00eds tem sido ref\u00e9m de disputas pequenas, onde Executivo, Congresso e Judici\u00e1rio se atacam como se o colapso do outro fosse a salva\u00e7\u00e3o. A m\u00e1quina p\u00fablica virou palco de interesses pessoais, estrat\u00e9gias eleitorais e revanches institucionais. N\u00e3o h\u00e1 pacto. N\u00e3o h\u00e1 rumo. E, pior, n\u00e3o h\u00e1 vergonha.<\/p>\n<p>Mas agora, com um inimigo externo pressionando, talvez seja o momento de deixar de lado o ego\u00edsmo que tomou Bras\u00edlia, e finalmente vestir a camisa do pa\u00eds.<\/p>\n<p>A medida dos EUA, ao mirar o agroneg\u00f3cio, a ind\u00fastria e o com\u00e9rcio exterior brasileiro, atinge n\u00e3o apenas setores econ\u00f4micos, mas a autoestima de uma na\u00e7\u00e3o. E diante disso, cresce o consenso de que \u00e9 hora de reagir como pa\u00eds, e n\u00e3o como fac\u00e7\u00f5es ideol\u00f3gicas brigando por likes e narrativas.<\/p>\n<\/div>\n<div>\n<p><em>Veja em primeira m\u00e3o tudo sobre agricultura, pecu\u00e1ria, economia e previs\u00e3o do tempo: siga o\u00a0<\/em><a href=\"https:\/\/news.google.com\/publications\/CAAqLQgKIidDQklTRndnTWFoTUtFV05oYm1Gc2NuVnlZV3d1WTI5dExtSnlLQUFQAQ?hl=pt-BR&amp;gl=BR&amp;ceid=BR:pt-419\">Canal Rural no Google News!<\/a><\/p>\n<p>Nos bastidores, l\u00edderes dos Tr\u00eas Poderes come\u00e7aram a ensaiar uma articula\u00e7\u00e3o para uma resposta institucional coordenada. N\u00e3o porque viraram patriotas de repente, mas porque entenderam que o dano pol\u00edtico pode ser ainda maior que o comercial. A verdade \u00e9 simples: o Brasil s\u00f3 sobrevive se deixar de ser um campo de batalha interno.<\/p>\n<p>Est\u00e1 na hora de Bras\u00edlia acordar. A classe pol\u00edtica precisa parar de brincar com o pa\u00eds como se fosse um tabuleiro de xadrez particular. A tarifa de Trump \u00e9 o alerta final: ou se constr\u00f3i um projeto de na\u00e7\u00e3o, que envolva soberania econ\u00f4mica, diplomacia estrat\u00e9gica e reconstru\u00e7\u00e3o produtiva, ou o Brasil continuar\u00e1 sendo alvo f\u00e1cil para pot\u00eancias que sabem muito bem o que querem.<\/p>\n<p>Enquanto nossos l\u00edderes jogam para a torcida, outros pa\u00edses jogam para vencer. O mundo n\u00e3o espera. E o povo brasileiro n\u00e3o aguenta mais pagar a conta da irresponsabilidade pol\u00edtica.<\/p>\n<\/p><\/div>\n<p><br \/>\n<br \/><a href=\"https:\/\/www.canalrural.com.br\/opiniao-noticias\/tarifaco-de-trump-forca-os-politicos-a-pensarem-no-pais-nao-em-si-mesmos\/\">Source link <\/a><\/p>\n","protected":false},"excerpt":{"rendered":"<p>A tarifa de 50% imposta pelos Estados Unidos sobre os produtos brasileiros \u00e9 um soco no est\u00f4mago da economia nacional.<\/p>\n","protected":false},"author":1,"featured_media":4870,"comment_status":"open","ping_status":"open","sticky":false,"template":"","format":"standard","meta":{"_monsterinsights_skip_tracking":false,"_monsterinsights_sitenote_active":false,"_monsterinsights_sitenote_note":"","_monsterinsights_sitenote_category":0,"_uf_show_specific_survey":0,"_uf_disable_surveys":false,"footnotes":""},"categories":[1],"tags":[],"class_list":["post-16567","post","type-post","status-publish","format-standard","has-post-thumbnail","hentry","category-news"],"_links":{"self":[{"href":"https:\/\/agromt.news\/index.php?rest_route=\/wp\/v2\/posts\/16567"}],"collection":[{"href":"https:\/\/agromt.news\/index.php?rest_route=\/wp\/v2\/posts"}],"about":[{"href":"https:\/\/agromt.news\/index.php?rest_route=\/wp\/v2\/types\/post"}],"author":[{"embeddable":true,"href":"https:\/\/agromt.news\/index.php?rest_route=\/wp\/v2\/users\/1"}],"replies":[{"embeddable":true,"href":"https:\/\/agromt.news\/index.php?rest_route=%2Fwp%2Fv2%2Fcomments&post=16567"}],"version-history":[{"count":0,"href":"https:\/\/agromt.news\/index.php?rest_route=\/wp\/v2\/posts\/16567\/revisions"}],"wp:featuredmedia":[{"embeddable":true,"href":"https:\/\/agromt.news\/index.php?rest_route=\/wp\/v2\/media\/4870"}],"wp:attachment":[{"href":"https:\/\/agromt.news\/index.php?rest_route=%2Fwp%2Fv2%2Fmedia&parent=16567"}],"wp:term":[{"taxonomy":"category","embeddable":true,"href":"https:\/\/agromt.news\/index.php?rest_route=%2Fwp%2Fv2%2Fcategories&post=16567"},{"taxonomy":"post_tag","embeddable":true,"href":"https:\/\/agromt.news\/index.php?rest_route=%2Fwp%2Fv2%2Ftags&post=16567"}],"curies":[{"name":"wp","href":"https:\/\/api.w.org\/{rel}","templated":true}]}}