{"id":16566,"date":"2025-07-11T11:18:59","date_gmt":"2025-07-11T15:18:59","guid":{"rendered":"https:\/\/agromt.news\/?p=16566"},"modified":"2025-07-11T11:18:59","modified_gmt":"2025-07-11T15:18:59","slug":"volume-exportado-foi-o-menor-da-historia-mas-arrecadacao-foi-recorde","status":"publish","type":"post","link":"https:\/\/agromt.news\/?p=16566","title":{"rendered":"volume exportado foi o menor da hist\u00f3ria, mas arrecada\u00e7\u00e3o foi recorde"},"content":{"rendered":"<p> <br \/>\n<br \/><img decoding=\"async\" src=\"https:\/\/agromt.news\/wp-content\/uploads\/2025\/05\/Laranja-tem-previsao-de-alta-para-safra-202526.jpg\" \/><\/p>\n<div>\n<p>A safra brasileira 2024\/25 encerrou oficialmente em junho de 2025 e com um fato que chama a aten\u00e7\u00e3o: o pa\u00eds registrou o menor volume exportado da s\u00e9rie hist\u00f3rica da Secex (iniciada em 1997). Ainda assim a receita com os embarques foi recorde.\u00a0<\/p>\n<p>Pesquisadores do <a href=\"https:\/\/www.canalrural.com.br\/tag\/cepea\/\">Centro de Estudos Avan\u00e7ados em Economia Aplicada (Cepea)<\/a>, avaliam que a turbulenta safra 2024\/25 se encerra em um contexto de incerteza quanto \u00e0 recupera\u00e7\u00e3o plena do consumo externo de suco.\u00a0<\/p>\n<p>Parte dos agentes de mercado consultados pelo instituto manifesta receio de que a demanda internacional n\u00e3o se restabele\u00e7a completamente , ora devido \u00e0 estagna\u00e7\u00e3o do consumo, ora pelos efeitos ainda indefinidos dos aumentos tarif\u00e1rios implementados pelo governo Trump sobre produtos brasileiros.\u00a0<\/p>\n<p>At\u00e9 o momento, pesquisadores do Cepea afirmam que o impacto da eleva\u00e7\u00e3o de 10% nas tarifas acabou sendo minimizado pela oferta restrita do Brasil, que sustentou os embarques.\u00a0<\/p>\n<\/div>\n<div>\n<p>No entanto, permanece incerta a magnitude dos efeitos de um poss\u00edvel aumento tarif\u00e1rio para patamares de at\u00e9 50% sobre o suco de laranja, especialmente diante da perspectiva de maior produ\u00e7\u00e3o nacional nas pr\u00f3ximas temporadas.\u00a0<\/p>\n<p>Assim, ainda conforme o centro de pesquisas, o ac\u00famulo de divisas oriundas das exporta\u00e7\u00f5es na temporada 2024\/25 foi extremamente favor\u00e1vel, permitindo ao setor uma capitaliza\u00e7\u00e3o importante frente aos desafios futuros.\u00a0<\/p>\n<p>Na compara\u00e7\u00e3o com a safra anterior, a receita cresceu expressivos 28,4%, totalizando US$ 3,48 bilh\u00f5es, um recorde.<\/p>\n<p><em>*Sob supervis\u00e3o de Luis Roberto Toledo<\/em><\/p>\n<\/p><\/div>\n<p><br \/>\n<br \/><a href=\"https:\/\/www.canalrural.com.br\/agricultura\/hortifruti\/laranja-volume-exportado-foi-o-menor-da-historia-mas-arrecadacao-foi-recorde\/\">Source link <\/a><\/p>\n","protected":false},"excerpt":{"rendered":"<p>A safra brasileira 2024\/25 encerrou oficialmente em junho de 2025 e com um fato que chama a aten\u00e7\u00e3o: o pa\u00eds<\/p>\n","protected":false},"author":1,"featured_media":13812,"comment_status":"open","ping_status":"open","sticky":false,"template":"","format":"standard","meta":{"_monsterinsights_skip_tracking":false,"_monsterinsights_sitenote_active":false,"_monsterinsights_sitenote_note":"","_monsterinsights_sitenote_category":0,"_uf_show_specific_survey":0,"_uf_disable_surveys":false,"footnotes":""},"categories":[1],"tags":[],"class_list":["post-16566","post","type-post","status-publish","format-standard","has-post-thumbnail","hentry","category-news"],"_links":{"self":[{"href":"https:\/\/agromt.news\/index.php?rest_route=\/wp\/v2\/posts\/16566"}],"collection":[{"href":"https:\/\/agromt.news\/index.php?rest_route=\/wp\/v2\/posts"}],"about":[{"href":"https:\/\/agromt.news\/index.php?rest_route=\/wp\/v2\/types\/post"}],"author":[{"embeddable":true,"href":"https:\/\/agromt.news\/index.php?rest_route=\/wp\/v2\/users\/1"}],"replies":[{"embeddable":true,"href":"https:\/\/agromt.news\/index.php?rest_route=%2Fwp%2Fv2%2Fcomments&post=16566"}],"version-history":[{"count":0,"href":"https:\/\/agromt.news\/index.php?rest_route=\/wp\/v2\/posts\/16566\/revisions"}],"wp:featuredmedia":[{"embeddable":true,"href":"https:\/\/agromt.news\/index.php?rest_route=\/wp\/v2\/media\/13812"}],"wp:attachment":[{"href":"https:\/\/agromt.news\/index.php?rest_route=%2Fwp%2Fv2%2Fmedia&parent=16566"}],"wp:term":[{"taxonomy":"category","embeddable":true,"href":"https:\/\/agromt.news\/index.php?rest_route=%2Fwp%2Fv2%2Fcategories&post=16566"},{"taxonomy":"post_tag","embeddable":true,"href":"https:\/\/agromt.news\/index.php?rest_route=%2Fwp%2Fv2%2Ftags&post=16566"}],"curies":[{"name":"wp","href":"https:\/\/api.w.org\/{rel}","templated":true}]}}