{"id":16565,"date":"2025-07-11T11:05:01","date_gmt":"2025-07-11T15:05:01","guid":{"rendered":"https:\/\/agromt.news\/?p=16565"},"modified":"2025-07-11T11:05:01","modified_gmt":"2025-07-11T15:05:01","slug":"projecao-da-fazenda-para-ipca-de-2025-passa-de-50-para-49-estimativa-para-2026-e-de-36","status":"publish","type":"post","link":"https:\/\/agromt.news\/?p=16565","title":{"rendered":"Proje\u00e7\u00e3o da Fazenda para IPCA de 2025 passa de 5,0% para 4,9%; estimativa para 2026 \u00e9 de 3,6%"},"content":{"rendered":"<p> <br \/>\n<br \/><img decoding=\"async\" src=\"https:\/\/agromt.news\/wp-content\/uploads\/2024\/11\/bXpMbfGc-dinheiro02.jpg\" \/><\/p>\n<div>\n<p>O Minist\u00e9rio da Fazenda revisou a sua proje\u00e7\u00e3o para o \u00cdndice Nacional de Pre\u00e7os ao Consumidor Amplo (IPCA) de 2025 para 4,9% \u2013 acima do teto da meta, de 4,5% \u2013 no Boletim Macrofiscal divulgado nesta sexta-feira (11) pela Secretaria de Pol\u00edtica Econ\u00f4mica (SPE). A proje\u00e7\u00e3o era de 5,0% no boletim anterior, de maio, e de 4,8% no documento \u201c2024 em retrospectiva e o que esperar de 2025\u201d, publicado em fevereiro.<\/p>\n<p>\u201cA mudan\u00e7a reflete varia\u00e7\u00f5es menores que as esperadas para o \u00edndice nos meses de maio e junho, al\u00e9m de revis\u00f5es no cen\u00e1rio \u00e0 frente, condicionadas principalmente pela menor cota\u00e7\u00e3o projetada para o real frente ao d\u00f3lar. Al\u00e9m da expectativa de real mais valorizado at\u00e9 o final do ano, tamb\u00e9m contribu\u00edram para reduzir a infla\u00e7\u00e3o projetada para o IPCA em 2025 a defla\u00e7\u00e3o mais acentuada dos pre\u00e7os no atacado agropecu\u00e1rio e industrial e a maior concorr\u00eancia com produtos importados, repercutindo o avan\u00e7o da defla\u00e7\u00e3o ao produtor na China\u201d, diz o boletim. <\/p>\n<\/div>\n<div>\n<p>No cen\u00e1rio considerado, projeta-se redu\u00e7\u00e3o da infla\u00e7\u00e3o de junho a agosto, revers\u00e3o dessa trajet\u00f3ria em setembro por conta da sa\u00edda dos efeitos do b\u00f4nus de Itaipu, e nova redu\u00e7\u00e3o em seguida, at\u00e9 dezembro. Para 2026, a proje\u00e7\u00e3o de IPCA se manteve praticamente constante, em 3,6%, dentro do intervalo da meta de infla\u00e7\u00e3o. \u201cDe 2027 em diante, espera-se converg\u00eancia da infla\u00e7\u00e3o ao centro da meta\u201d, enfatizou a SPE. <\/p>\n<p>Para o \u00cdndice Nacional de Pre\u00e7os ao Consumidor (INPC) de 2025, a proje\u00e7\u00e3o da SPE passou de 4,9% para 4,7% enquanto a para o \u00cdndice Geral de Pre\u00e7os \u2013 Disponibilidade Interna (IGP-DI) foi 5,6% para 4,6%. Para 2026, o INPC saiu 3,5% para 3,3% e o IGP-DI, de 4,9% para 5,0%.<\/p>\n<\/p><\/div>\n<p><br \/>\n<br \/><a href=\"https:\/\/www.canalrural.com.br\/economia\/fazenda-projecao-para-ipca-de-2025-passa-de-50-para-49-estimativa-para-2026-e-de-36\/\">Source link <\/a><\/p>\n","protected":false},"excerpt":{"rendered":"<p>O Minist\u00e9rio da Fazenda revisou a sua proje\u00e7\u00e3o para o \u00cdndice Nacional de Pre\u00e7os ao Consumidor Amplo (IPCA) de 2025<\/p>\n","protected":false},"author":1,"featured_media":5535,"comment_status":"open","ping_status":"open","sticky":false,"template":"","format":"standard","meta":{"_monsterinsights_skip_tracking":false,"_monsterinsights_sitenote_active":false,"_monsterinsights_sitenote_note":"","_monsterinsights_sitenote_category":0,"_uf_show_specific_survey":0,"_uf_disable_surveys":false,"footnotes":""},"categories":[1],"tags":[],"class_list":["post-16565","post","type-post","status-publish","format-standard","has-post-thumbnail","hentry","category-news"],"_links":{"self":[{"href":"https:\/\/agromt.news\/index.php?rest_route=\/wp\/v2\/posts\/16565"}],"collection":[{"href":"https:\/\/agromt.news\/index.php?rest_route=\/wp\/v2\/posts"}],"about":[{"href":"https:\/\/agromt.news\/index.php?rest_route=\/wp\/v2\/types\/post"}],"author":[{"embeddable":true,"href":"https:\/\/agromt.news\/index.php?rest_route=\/wp\/v2\/users\/1"}],"replies":[{"embeddable":true,"href":"https:\/\/agromt.news\/index.php?rest_route=%2Fwp%2Fv2%2Fcomments&post=16565"}],"version-history":[{"count":0,"href":"https:\/\/agromt.news\/index.php?rest_route=\/wp\/v2\/posts\/16565\/revisions"}],"wp:featuredmedia":[{"embeddable":true,"href":"https:\/\/agromt.news\/index.php?rest_route=\/wp\/v2\/media\/5535"}],"wp:attachment":[{"href":"https:\/\/agromt.news\/index.php?rest_route=%2Fwp%2Fv2%2Fmedia&parent=16565"}],"wp:term":[{"taxonomy":"category","embeddable":true,"href":"https:\/\/agromt.news\/index.php?rest_route=%2Fwp%2Fv2%2Fcategories&post=16565"},{"taxonomy":"post_tag","embeddable":true,"href":"https:\/\/agromt.news\/index.php?rest_route=%2Fwp%2Fv2%2Ftags&post=16565"}],"curies":[{"name":"wp","href":"https:\/\/api.w.org\/{rel}","templated":true}]}}