{"id":16561,"date":"2025-07-11T10:22:40","date_gmt":"2025-07-11T14:22:40","guid":{"rendered":"https:\/\/agromt.news\/?p=16561"},"modified":"2025-07-11T10:22:40","modified_gmt":"2025-07-11T14:22:40","slug":"no-inicio-de-junho-precos-seguem-em-queda","status":"publish","type":"post","link":"https:\/\/agromt.news\/?p=16561","title":{"rendered":"no in\u00edcio de junho pre\u00e7os seguem em queda"},"content":{"rendered":"<p> <br \/>\n<br \/><img decoding=\"async\" src=\"https:\/\/agromt.news\/wp-content\/uploads\/2024\/10\/Frango-SC-exporta-231-mais-carne-e-tem-melhor-desempenho.jpg\" \/><\/p>\n<div>\n<p>Os pre\u00e7os da carne de frango iniciram julho em queda em praticamente todas as regi\u00f5es acompanhadas pelo <a href=\"https:\/\/www.canalrural.com.br\/tag\/cepea\/\">Centro de Estudos Avan\u00e7ados em Economia Aplicada (Cepea)<\/a>.<\/p>\n<p>Segundo o instituto, a press\u00e3o vem da oferta acima da demanda, que ainda est\u00e1 atrelada \u00e0s restri\u00e7\u00f5es \u00e0s exporta\u00e7\u00f5es brasileiras. Estas foram\u00a0 impostas por alguns pa\u00edses ap\u00f3s a confirma\u00e7\u00e3o de um caso de influenza avi\u00e1ria em uma granja comercial no munic\u00edpio de Montenegro (RS), no dia 15 de maio.\u00a0<\/p>\n<\/div>\n<div>\n<p>Neste cen\u00e1rio, alguns dos mais importantes parceiros comerciais j\u00e1 vem retomando gradualmente as compras da carne brasileira. Ainda assim, o mercado dom\u00e9stico ainda n\u00e3o conseguiu equilibrar a disponibilidade \u00e0 procura, afirmam os pesquisadores.\u00a0<\/p>\n<p>Nessa ter\u00e7a-feira, 8, o Minist\u00e9rio da Agricultura e Pecu\u00e1ria (Mapa) divulgou nota informando que Filipinas, Singapura e \u00c1frica do Sul j\u00e1 retiraram as restri\u00e7\u00f5es aos embarques.<\/p>\n<p><em>*Sob supervis\u00e3o de Luis Roberto Toledo<\/em><\/p>\n<\/p><\/div>\n<p><br \/>\n<br \/><a href=\"https:\/\/www.canalrural.com.br\/aves-e-suinos\/frango-no-inicio-de-junho-precos-seguem-em-queda\/\">Source link <\/a><\/p>\n","protected":false},"excerpt":{"rendered":"<p>Os pre\u00e7os da carne de frango iniciram julho em queda em praticamente todas as regi\u00f5es acompanhadas pelo Centro de Estudos<\/p>\n","protected":false},"author":1,"featured_media":13830,"comment_status":"open","ping_status":"open","sticky":false,"template":"","format":"standard","meta":{"_monsterinsights_skip_tracking":false,"_monsterinsights_sitenote_active":false,"_monsterinsights_sitenote_note":"","_monsterinsights_sitenote_category":0,"_uf_show_specific_survey":0,"_uf_disable_surveys":false,"footnotes":""},"categories":[1],"tags":[],"class_list":["post-16561","post","type-post","status-publish","format-standard","has-post-thumbnail","hentry","category-news"],"_links":{"self":[{"href":"https:\/\/agromt.news\/index.php?rest_route=\/wp\/v2\/posts\/16561"}],"collection":[{"href":"https:\/\/agromt.news\/index.php?rest_route=\/wp\/v2\/posts"}],"about":[{"href":"https:\/\/agromt.news\/index.php?rest_route=\/wp\/v2\/types\/post"}],"author":[{"embeddable":true,"href":"https:\/\/agromt.news\/index.php?rest_route=\/wp\/v2\/users\/1"}],"replies":[{"embeddable":true,"href":"https:\/\/agromt.news\/index.php?rest_route=%2Fwp%2Fv2%2Fcomments&post=16561"}],"version-history":[{"count":0,"href":"https:\/\/agromt.news\/index.php?rest_route=\/wp\/v2\/posts\/16561\/revisions"}],"wp:featuredmedia":[{"embeddable":true,"href":"https:\/\/agromt.news\/index.php?rest_route=\/wp\/v2\/media\/13830"}],"wp:attachment":[{"href":"https:\/\/agromt.news\/index.php?rest_route=%2Fwp%2Fv2%2Fmedia&parent=16561"}],"wp:term":[{"taxonomy":"category","embeddable":true,"href":"https:\/\/agromt.news\/index.php?rest_route=%2Fwp%2Fv2%2Fcategories&post=16561"},{"taxonomy":"post_tag","embeddable":true,"href":"https:\/\/agromt.news\/index.php?rest_route=%2Fwp%2Fv2%2Ftags&post=16561"}],"curies":[{"name":"wp","href":"https:\/\/api.w.org\/{rel}","templated":true}]}}