{"id":16557,"date":"2025-07-11T10:02:01","date_gmt":"2025-07-11T14:02:01","guid":{"rendered":"https:\/\/agromt.news\/?p=16557"},"modified":"2025-07-11T10:02:01","modified_gmt":"2025-07-11T14:02:01","slug":"tarifa-de-10-dos-eua-e-valorizacao-do-euro-tera-impacto-sobre-exportacoes","status":"publish","type":"post","link":"https:\/\/agromt.news\/?p=16557","title":{"rendered":"Tarifa de 10% dos EUA e valoriza\u00e7\u00e3o do euro ter\u00e1 impacto sobre exporta\u00e7\u00f5es&#8230;"},"content":{"rendered":"<p> <br \/>\n<\/p>\n<div>\n<p><img decoding=\"async\" alt=\"Logotipo Reuters\" height=\"22\" src=\"https:\/\/cdn.noticiasagricolas.com.br\/dbimagens\/0f687b0f35da9d220b6477534ce7c667.gif\" width=\"71\"\/><\/p>\n<p><img decoding=\"async\" alt=\"\" src=\"https:\/\/rmb.reuters.com\/rmd\/rss\/content\/tag:reuters.com,2025:newsml_LYNXMPEL601XM:1\/tag:reuters.com,2025:binary_LYNXMPEL601XM-VIEWIMAGE\"\/>SINTRA, Portugal (Reuters) &#8211; Uma tarifa de 10% dos Estados Unidos sobre produtos europeus, combinada com uma valoriza\u00e7\u00e3o semelhante ou maior do euro em rela\u00e7\u00e3o ao d\u00f3lar, teria um impacto significativo sobre as exporta\u00e7\u00f5es da zona do euro, disse o membro do Banco Central Europeu, Martins Kazaks.<\/p>\n<p>Como as negocia\u00e7\u00f5es comerciais entre os EUA e a UE permanecem incertas, economistas est\u00e3o especulando sobre as condi\u00e7\u00f5es que podem levar o BCE a intervir com novos cortes nas taxas de juros para apoiar a economia da zona do euro.<\/p>\n<p>Kazaks disse que as importa\u00e7\u00f5es da zona do euro j\u00e1 seriam afetadas por uma tarifa de 10% dos EUA &#8211; a linha de base com a qual as autoridades da UE se conformaram &#8211; e por um aumento de 10% ou mais na taxa de c\u00e2mbio do euro em rela\u00e7\u00e3o ao d\u00f3lar, o que seria apenas 1% a mais do que o ganho desde o Dia da Liberta\u00e7\u00e3o.<\/p>\n<p>Tarifas mais altas no exterior e uma moeda mais forte tornam as exporta\u00e7\u00f5es de uma regi\u00e3o mais caras.<\/p>\n<p>&#8220;Se houver uma tarifa de 10% mais uma valoriza\u00e7\u00e3o da taxa de c\u00e2mbio do euro de mais 10%, isso \u00e9 grande o suficiente para afetar a din\u00e2mica das exporta\u00e7\u00f5es&#8221;, disse ele \u00e0 Reuters no f\u00f3rum anual do BCE sobre bancos centrais em Sintra, Portugal.<\/p>\n<p>O euro estava sendo negociado a US$1,178 nesta ter\u00e7a-feira, com alta de 13,8% desde o in\u00edcio do ano e de 8,9% desde o in\u00edcio de abril.<\/p>\n<p>Kazaks descreveu a economia da zona do euro como &#8220;fraca&#8221;, embora ainda apresente &#8220;algum crescimento&#8221;, acrescentando que a infla\u00e7\u00e3o est\u00e1 &#8220;mais ou menos&#8221; na meta de 2% do banco central, o que implica pouca necessidade de grandes mudan\u00e7as.<\/p>\n<p>A \u00faltima proje\u00e7\u00e3o do BCE apontou a infla\u00e7\u00e3o na meta de 2,0% este ano, antes de cair para 1,6% no ano seguinte e retornar a 2,0% em 2027.<\/p>\n<p>&#8220;A maior parte do ajuste de juros j\u00e1 foi feita&#8221;, disse Kazaks, repetindo sua posi\u00e7\u00e3o anterior. &#8220;Se houver mais cortes, eles ser\u00e3o pequenos e ter\u00e3o valor de sinaliza\u00e7\u00e3o, desde que permane\u00e7amos no cen\u00e1rio base.&#8221;<\/p>\n<p>Ele tamb\u00e9m alertou que a China &#8220;est\u00e1 come\u00e7ando a despejar produtos na Europa&#8221;, o que tanto reduzir\u00e1 a infla\u00e7\u00e3o quanto prejudicar\u00e1 a competitividade europeia.<\/p>\n<p>(Reportagem de Francesco Canepa)<\/p>\n<\/p><\/div>\n<p><script async defer src=\"https:\/\/connect.facebook.net\/en_US\/sdk.js\"><\/script><script>\n  !function(f,b,e,v,n,t,s)\n  {if(f.fbq)return;n=f.fbq=function(){n.callMethod?\n    n.callMethod.apply(n,arguments):n.queue.push(arguments)};\n    if(!f._fbq)f._fbq=n;n.push=n;n.loaded=!0;n.version='2.0';\n    n.queue=[];t=b.createElement(e);t.async=!0;\n    t.src=v;s=b.getElementsByTagName(e)[0];\n    s.parentNode.insertBefore(t,s)}(window, document,'script',\n    'https:\/\/connect.facebook.net\/en_US\/fbevents.js');\n  fbq('init', '153495679422335');\n  fbq('track', 'PageView');\n<\/script><br \/>\n<br \/><br \/>\n<br \/><a href=\"https:\/\/www.noticiasagricolas.com.br\/noticias\/politica-economia\/403254-tarifa-de-10-dos-eua-e-valorizacao-do-euro-tera-impacto-sobre-exportacoes-da-zona-do-euro-diz-membro-do-bce.html\">Source link <\/a><\/p>\n","protected":false},"excerpt":{"rendered":"<p>SINTRA, Portugal (Reuters) &#8211; Uma tarifa de 10% dos Estados Unidos sobre produtos europeus, combinada com uma valoriza\u00e7\u00e3o semelhante ou<\/p>\n","protected":false},"author":1,"featured_media":16558,"comment_status":"open","ping_status":"open","sticky":false,"template":"","format":"standard","meta":{"_monsterinsights_skip_tracking":false,"_monsterinsights_sitenote_active":false,"_monsterinsights_sitenote_note":"","_monsterinsights_sitenote_category":0,"_uf_show_specific_survey":0,"_uf_disable_surveys":false,"footnotes":""},"categories":[8,1,14,16],"tags":[],"class_list":["post-16557","post","type-post","status-publish","format-standard","has-post-thumbnail","hentry","category-agro","category-news","category-politica-agro","category-safra"],"_links":{"self":[{"href":"https:\/\/agromt.news\/index.php?rest_route=\/wp\/v2\/posts\/16557"}],"collection":[{"href":"https:\/\/agromt.news\/index.php?rest_route=\/wp\/v2\/posts"}],"about":[{"href":"https:\/\/agromt.news\/index.php?rest_route=\/wp\/v2\/types\/post"}],"author":[{"embeddable":true,"href":"https:\/\/agromt.news\/index.php?rest_route=\/wp\/v2\/users\/1"}],"replies":[{"embeddable":true,"href":"https:\/\/agromt.news\/index.php?rest_route=%2Fwp%2Fv2%2Fcomments&post=16557"}],"version-history":[{"count":0,"href":"https:\/\/agromt.news\/index.php?rest_route=\/wp\/v2\/posts\/16557\/revisions"}],"wp:featuredmedia":[{"embeddable":true,"href":"https:\/\/agromt.news\/index.php?rest_route=\/wp\/v2\/media\/16558"}],"wp:attachment":[{"href":"https:\/\/agromt.news\/index.php?rest_route=%2Fwp%2Fv2%2Fmedia&parent=16557"}],"wp:term":[{"taxonomy":"category","embeddable":true,"href":"https:\/\/agromt.news\/index.php?rest_route=%2Fwp%2Fv2%2Fcategories&post=16557"},{"taxonomy":"post_tag","embeddable":true,"href":"https:\/\/agromt.news\/index.php?rest_route=%2Fwp%2Fv2%2Ftags&post=16557"}],"curies":[{"name":"wp","href":"https:\/\/api.w.org\/{rel}","templated":true}]}}