{"id":16549,"date":"2025-07-11T08:59:03","date_gmt":"2025-07-11T12:59:03","guid":{"rendered":"https:\/\/agromt.news\/?p=16549"},"modified":"2025-07-11T08:59:03","modified_gmt":"2025-07-11T12:59:03","slug":"calor-de-40c-em-pleno-inverno-e-alerta-de-temporais-veja-previsao-de-hoje","status":"publish","type":"post","link":"https:\/\/agromt.news\/?p=16549","title":{"rendered":"Calor de 40\u00b0C em pleno inverno e alerta de temporais: veja previs\u00e3o de hoje"},"content":{"rendered":"<p> <br \/>\n<br \/><img decoding=\"async\" src=\"https:\/\/agromt.news\/wp-content\/uploads\/2025\/02\/1740411925_sunset-1580522_1920.jpg\" \/><\/p>\n<div>\n<p>A semana deve terminar com tempo seco em quase todo o pa\u00eds. Epis\u00f3dios de temporais s\u00f3 est\u00e3o previstos para tr\u00eas estados da Regi\u00e3o Norte. Confira a previs\u00e3o do tempo para todo o Brasil:<\/p>\n<div data-icp-cta=\"1\" id=\"icp-cta-unique\">Voc\u00ea quer entender como usar o clima a seu favor?<b> <\/b><a href=\"https:\/\/climacampo.canalrural.com.br\/climacampo_-01\">Preparamos um e-book exclusivo<\/a> para ajudar produtores rurais a se antecipar \u00e0s mudan\u00e7as do tempo e planejar melhor suas a\u00e7\u00f5es. Com base em previs\u00f5es meteorol\u00f3gicas confi\u00e1veis, ele oferece orienta\u00e7\u00f5es pr\u00e1ticas para proteger sua lavoura e otimizar seus resultados.<\/div>\n<h2 class=\"wp-block-heading\" id=\"h-sul\">Sul<\/h2>\n<p>A semana termina com padr\u00e3o ainda de tempo firme em toda a Regi\u00e3o, com temperaturas mais baixas de manh\u00e3, principalmente na Serra do <strong><a href=\"https:\/\/www.canalrural.com.br\/nacional\/rio-grande-do-sul\/\">Rio Grande do Sul<\/a><\/strong> e de Santa Catarina, e tardes ainda agrad\u00e1veis. O tempo segue firme e mais seco no interior do <strong><a href=\"https:\/\/www.canalrural.com.br\/nacional\/parana\/\">Paran\u00e1<\/a><\/strong>, onde j\u00e1 tem aten\u00e7\u00e3o para a umidade abaixo dos 30%, especialmente em Londrina, Maring\u00e1 e Paranava\u00ed. As tr\u00eas capitais, Porto Alegre, Florian\u00f3polis e Curitiba, terminam a semana sem chuva e com o sol aparecendo forte durante a tarde.<\/p>\n<h2 class=\"wp-block-heading\" id=\"h-sudeste\">Sudeste<\/h2>\n<p>O vento \u00famido que sopra do mar contra o continente favorece pouca chuva para o litoral do Rio e Janeiro. Previs\u00e3o de chuva mais fraca ou moderada no litoral do Esp\u00edrito Santo e na regi\u00e3o do Vale do Rio Doce, em Minas Gerais. A sexta-feira vai ser marcada por temperatura baixa de manh\u00e3 e destaque para as m\u00e1ximas subindo \u00e0 tarde em S\u00e3o Paulo e em todo o territ\u00f3rio mineiro. A umidade relativa do ar ainda continua abaixo dos 30% em todo o Tri\u00e2ngulo de Minas e nas cidades do centro-norte paulista. Na cidade de S\u00e3o Paulo, a qualidade do ar deve ficar ainda mais comprometida.<\/p>\n<\/div>\n<div>\n<h2 class=\"wp-block-heading\" id=\"h-centro-oeste\">Centro-Oeste<\/h2>\n<p>Risco elevado para queimadas na Regi\u00e3o, com temperaturas se aproximando dos <strong>40\u00b0C<\/strong> em Mato Grosso. A semana vai terminar com padr\u00e3o de tempo firme, muito seco e com dia ensolarado em Cuiab\u00e1, <strong><a href=\"https:\/\/www.canalrural.com.br\/nacional\/brasilia\/\">Bras\u00edlia<\/a><\/strong>, Goi\u00e2nia e Campo Grande, sem previs\u00e3o de chuva. A umidade do ar ainda continua mais baixa, com valores que podem ficar inferiores a 20%.<\/p>\n<h2 class=\"wp-block-heading\" id=\"h-nordeste\">Nordeste<\/h2>\n<p>Interior do Nordeste com tempo mais seco, umidade baixa entre o sul do Piau\u00ed, Maranh\u00e3o e o oeste da <strong><a href=\"https:\/\/www.canalrural.com.br\/nacional\/bahia\/\">Bahia<\/a><\/strong>, com a chuva bem concentrada sobre o litoral da Bahia. Salvador, Ilh\u00e9us e Porto Seguro devem terminar a semana com tempo mais encoberto, com chuva durante todo o dia. Regi\u00e3o de Aracaju e at\u00e9 mesmo Macei\u00f3 ficam em aten\u00e7\u00e3o para as pancadas mais fortes, com a precipita\u00e7\u00e3o aumentando novamente no Recife e em Natal. S\u00e3o Lu\u00eds pode ter algumas pancadas mais localizadas e n\u00e3o chove em Fortaleza e Teresina.<\/p>\n<h2 class=\"wp-block-heading\" id=\"h-norte\">Norte<\/h2>\n<p>Risco ainda alto para temporais, entre Amazonas e Roraima. Chuva forte no Amap\u00e1 e alerta para as capitais Manaus (AM), Boa Vista (RR) e Macap\u00e1 (AP). A semana vai terminar abafada, com sol entre nuvens e previs\u00e3o de pancada de chuva em Bel\u00e9m (PA). O ar fica mais seco em toda a faixa sul da Regi\u00e3o. Assim, n\u00e3o chove desde o Acre at\u00e9 o Tocantins e a umidade do ar ainda fica baixa em Palmas, com valores inferiores at\u00e9 20%. A temperatura dispara \u00e0 tarde, podendo ultrapassar os 35 graus.<\/p>\n<\/p><\/div>\n<p><br \/>\n<br \/><a href=\"https:\/\/www.canalrural.com.br\/tempo\/calor-de-40c-em-pleno-inverno-e-alerta-de-temporais-veja-previsao-de-hoje\/\">Source link <\/a><\/p>\n","protected":false},"excerpt":{"rendered":"<p>A semana deve terminar com tempo seco em quase todo o pa\u00eds. Epis\u00f3dios de temporais s\u00f3 est\u00e3o previstos para tr\u00eas<\/p>\n","protected":false},"author":1,"featured_media":16550,"comment_status":"open","ping_status":"open","sticky":false,"template":"","format":"standard","meta":{"_monsterinsights_skip_tracking":false,"_monsterinsights_sitenote_active":false,"_monsterinsights_sitenote_note":"","_monsterinsights_sitenote_category":0,"_uf_show_specific_survey":0,"_uf_disable_surveys":false,"footnotes":""},"categories":[1],"tags":[],"class_list":["post-16549","post","type-post","status-publish","format-standard","has-post-thumbnail","hentry","category-news"],"_links":{"self":[{"href":"https:\/\/agromt.news\/index.php?rest_route=\/wp\/v2\/posts\/16549"}],"collection":[{"href":"https:\/\/agromt.news\/index.php?rest_route=\/wp\/v2\/posts"}],"about":[{"href":"https:\/\/agromt.news\/index.php?rest_route=\/wp\/v2\/types\/post"}],"author":[{"embeddable":true,"href":"https:\/\/agromt.news\/index.php?rest_route=\/wp\/v2\/users\/1"}],"replies":[{"embeddable":true,"href":"https:\/\/agromt.news\/index.php?rest_route=%2Fwp%2Fv2%2Fcomments&post=16549"}],"version-history":[{"count":0,"href":"https:\/\/agromt.news\/index.php?rest_route=\/wp\/v2\/posts\/16549\/revisions"}],"wp:featuredmedia":[{"embeddable":true,"href":"https:\/\/agromt.news\/index.php?rest_route=\/wp\/v2\/media\/16550"}],"wp:attachment":[{"href":"https:\/\/agromt.news\/index.php?rest_route=%2Fwp%2Fv2%2Fmedia&parent=16549"}],"wp:term":[{"taxonomy":"category","embeddable":true,"href":"https:\/\/agromt.news\/index.php?rest_route=%2Fwp%2Fv2%2Fcategories&post=16549"},{"taxonomy":"post_tag","embeddable":true,"href":"https:\/\/agromt.news\/index.php?rest_route=%2Fwp%2Fv2%2Ftags&post=16549"}],"curies":[{"name":"wp","href":"https:\/\/api.w.org\/{rel}","templated":true}]}}