{"id":16547,"date":"2025-07-11T08:18:18","date_gmt":"2025-07-11T12:18:18","guid":{"rendered":"https:\/\/agromt.news\/?p=16547"},"modified":"2025-07-11T08:18:18","modified_gmt":"2025-07-11T12:18:18","slug":"frio-intenso-impacta-floricultura-paulista-e-destaca-uso-de-estufas","status":"publish","type":"post","link":"https:\/\/agromt.news\/?p=16547","title":{"rendered":"Frio intenso impacta floricultura paulista e destaca uso de estufas"},"content":{"rendered":"<p> <br \/>\n<\/p>\n<div>\n<div class=\"row\">\n<div class=\"col-lg col-infos mt-0 mt-lg-0\">\n<div class=\"section-sub-title\">\n<p itemprop=\"description\">&#13;<br \/>\n                                Estufas ajudam floricultores a enfrentar o frio&#13;\n                            <\/p>\n<\/p><\/div>\n<div class=\"container\">\n<div class=\"row\">\n<div class=\"col-lg p-0\">\n<div>\n<div class=\"block-news-main-infos mt-3 text-start\">\n<p>                                            <strong class=\"fn\" itemprop=\"author\" style=\"color: rgb(112, 112, 112); \">&#13;<br \/>\n                                                <a href=\"https:\/\/www.agrolink.com.br\/noticias\/javascript:;\" class=\"text-uppercase\" target=\"_blank\" style=\"color: rgb(112, 112, 112); \" rel=\"noopener\">Agrolink<\/a>&#13;<br \/>\n&#13;<br \/>\n                                                    &#8211; Seane Lennon&#13;<br \/>\n&#13;<br \/>\n                                            <\/strong><br \/>\n                                        <\/p>\n<p>                                            <abbr><time datetime=\"2025-07-10T18:33\" itemprop=\"datePublished dateModified\">Publicado em 10\/07\/2025 \u00e0s 18:33h.<\/time><\/abbr><br \/>\n                                            <\/p><\/div>\n<\/p><\/div>\n<\/p><\/div>\n<div class=\"col-lg p-0 text-lg-end\">\n<div>\n<div id=\"mdEnviarPagina\" class=\"modal fade\" role=\"dialog\">\n<div class=\"modal-dialog\">\n<div class=\"modal-content\">\n<div class=\"modal-body\">\n<p><strong>Estimado usu\u00e1rio.<\/strong><br \/>Preencha o formul\u00e1rio abaixo para remeter a p\u00e1gina.<\/p>\n<\/p><\/div>\n<\/p><\/div>\n<\/p><\/div>\n<\/div><\/div>\n<\/p><\/div>\n<\/p><\/div>\n<\/p><\/div>\n<\/p><\/div>\n<\/p><\/div>\n<div class=\"row justify-content-md-center mt-3\">\n<div class=\"col-lg-auto col-image block-news-main-image\">\n<p>                                <img decoding=\"async\" src=\"https:\/\/www.agrolink.com.br\/upload\/imagens-resizes\/a3c23b4dee8c47379e8102a2dcc02e33_858x483.jpg\" class=\"lazyload img-fluid\"\/><br \/>\n                                                <span class=\"publicity-photo d-block mt-1\">Foto: Divulga\u00e7\u00e3o<\/span><\/p><\/div>\n<\/p><\/div>\n<div class=\"section-description section-description-noticias mt-3\">\n<p style=\"text-align:justify\">As baixas temperaturas registradas em regi\u00f5es agr\u00edcolas do estado de S\u00e3o Paulo t\u00eam provocado impactos significativos na cadeia produtiva da floricultura. De acordo com a Secretaria de Agricultura e Abastecimento (SAA), o frio intenso compromete o desenvolvimento das plantas, retardando o crescimento e a flora\u00e7\u00e3o, o que influencia diretamente na qualidade e no per\u00edodo de produ\u00e7\u00e3o das flores.&#13;\n<\/p>\n<p style=\"text-align:justify\">A floricultura paulista responde por cerca de 37% do Produto Interno Bruto (PIB) nacional do setor e movimenta, anualmente, mais de R$ 8,4 bilh\u00f5es, segundo dados do Centro de Estudos Avan\u00e7ados em Economia Aplicada (Cepea). A atividade tamb\u00e9m \u00e9 respons\u00e1vel por gerar aproximadamente 130 mil empregos diretos.<\/p>\n<p style=\"text-align:justify\">Para mitigar os efeitos adversos do clima, o uso de estufas tem se mostrado essencial. As estruturas permitem o controle de temperatura, umidade e luz, possibilitando a continuidade da produ\u00e7\u00e3o mesmo em per\u00edodos desfavor\u00e1veis. O estado de S\u00e3o Paulo \u00e9 refer\u00eancia nacional na utiliza\u00e7\u00e3o de ambientes controlados na produ\u00e7\u00e3o de flores e plantas ornamentais.&#13;\n<\/p>\n<p style=\"text-align:justify\">A Secretaria de Agricultura e Abastecimento de S\u00e3o Paulo, por meio do Fundo de Expans\u00e3o do Agroneg\u00f3cio Paulista (FEAP), oferece uma linha de cr\u00e9dito voltada \u00e0 Agricultura Sustent\u00e1vel. O financiamento permite a implementa\u00e7\u00e3o de estufas com limite de at\u00e9 R$ 250 mil, juros de 3% ao ano, prazo de pagamento de at\u00e9 84 meses e car\u00eancia de at\u00e9 48 meses, respeitando o ciclo produtivo das culturas.<\/p>\n<\/p><\/div>\n<\/p><\/div>\n<p><script data-cfasync=\"false\">\n    !function (f, b, e, v, n, t, s) {\n        if (f.fbq) return; n = f.fbq = function () {\n            n.callMethod ?\n                n.callMethod.apply(n, arguments) : n.queue.push(arguments)\n        };\n        if (!f._fbq) f._fbq = n; n.push = n; n.loaded = !0; n.version = '2.0';\n        n.queue = []; t = b.createElement(e); t.async = !0;\n        t.src = v; s = b.getElementsByTagName(e)[0];\n        s.parentNode.insertBefore(t, s)\n    }(window, document, 'script',\n        'https:\/\/connect.facebook.net\/en_US\/fbevents.js');\n    fbq('init', '522546078623747');\n    fbq('track', 'PageView');\n<\/script><br \/>\n<br \/><br \/>\n<br \/><a href=\"https:\/\/www.agrolink.com.br\/noticias\/frio-intenso-impacta-floricultura-paulista-e-destaca-uso-de-estufas_503806.html\">Source link <\/a><\/p>\n","protected":false},"excerpt":{"rendered":"<p>&#13; Estufas ajudam floricultores a enfrentar o frio&#13; &#13; Agrolink&#13; &#13; &#8211; Seane Lennon&#13; &#13; Publicado em 10\/07\/2025 \u00e0s 18:33h.<\/p>\n","protected":false},"author":1,"featured_media":16548,"comment_status":"open","ping_status":"open","sticky":false,"template":"","format":"standard","meta":{"_monsterinsights_skip_tracking":false,"_monsterinsights_sitenote_active":false,"_monsterinsights_sitenote_note":"","_monsterinsights_sitenote_category":0,"_uf_show_specific_survey":0,"_uf_disable_surveys":false,"footnotes":""},"categories":[8,1,14],"tags":[],"class_list":["post-16547","post","type-post","status-publish","format-standard","has-post-thumbnail","hentry","category-agro","category-news","category-politica-agro"],"_links":{"self":[{"href":"https:\/\/agromt.news\/index.php?rest_route=\/wp\/v2\/posts\/16547"}],"collection":[{"href":"https:\/\/agromt.news\/index.php?rest_route=\/wp\/v2\/posts"}],"about":[{"href":"https:\/\/agromt.news\/index.php?rest_route=\/wp\/v2\/types\/post"}],"author":[{"embeddable":true,"href":"https:\/\/agromt.news\/index.php?rest_route=\/wp\/v2\/users\/1"}],"replies":[{"embeddable":true,"href":"https:\/\/agromt.news\/index.php?rest_route=%2Fwp%2Fv2%2Fcomments&post=16547"}],"version-history":[{"count":0,"href":"https:\/\/agromt.news\/index.php?rest_route=\/wp\/v2\/posts\/16547\/revisions"}],"wp:featuredmedia":[{"embeddable":true,"href":"https:\/\/agromt.news\/index.php?rest_route=\/wp\/v2\/media\/16548"}],"wp:attachment":[{"href":"https:\/\/agromt.news\/index.php?rest_route=%2Fwp%2Fv2%2Fmedia&parent=16547"}],"wp:term":[{"taxonomy":"category","embeddable":true,"href":"https:\/\/agromt.news\/index.php?rest_route=%2Fwp%2Fv2%2Fcategories&post=16547"},{"taxonomy":"post_tag","embeddable":true,"href":"https:\/\/agromt.news\/index.php?rest_route=%2Fwp%2Fv2%2Ftags&post=16547"}],"curies":[{"name":"wp","href":"https:\/\/api.w.org\/{rel}","templated":true}]}}