{"id":16545,"date":"2025-07-11T06:22:20","date_gmt":"2025-07-11T10:22:20","guid":{"rendered":"https:\/\/agromt.news\/?p=16545"},"modified":"2025-07-11T06:22:20","modified_gmt":"2025-07-11T10:22:20","slug":"parana-pode-colher-423-mil-toneladas-de-cevada-em-2025","status":"publish","type":"post","link":"https:\/\/agromt.news\/?p=16545","title":{"rendered":"Paran\u00e1 pode colher 423 mil toneladas de cevada em 2025"},"content":{"rendered":"<p> <br \/>\n<\/p>\n<div>\n<p style=\"text-align:justify\">O plantio da cevada no Paran\u00e1 alcan\u00e7ou 90% da \u00e1rea prevista para a safra de 2025, segundo dados do Boletim de Conjuntura Agropecu\u00e1ria divulgados nesta quinta-feira (10) pelo Departamento de Economia Rural (Deral), vinculado \u00e0 Secretaria de Estado da Agricultura e do Abastecimento (Seab). O avan\u00e7o de 13 pontos percentuais na primeira semana de julho foi favorecido pela boa disponibilidade de \u00e1gua no solo e pela previs\u00e3o de tempo firme, o que deve garantir a conclus\u00e3o da semeadura ainda neste m\u00eas.&#13;\n<\/p>\n<p style=\"text-align:justify\">As lavouras v\u00eam sendo implantadas em condi\u00e7\u00f5es consideradas favor\u00e1veis. &#8220;A expectativa \u00e9 de que o ritmo de plantio continue nas pr\u00f3ximas semanas, com condi\u00e7\u00f5es prop\u00edcias \u00e0 cultura&#8221;, informou o boletim. No entanto, os t\u00e9cnicos alertam para poss\u00edveis impactos pontuais das geadas registradas at\u00e9 o momento. Tamb\u00e9m h\u00e1 preocupa\u00e7\u00e3o com o excesso de umidade e a baixa incid\u00eancia de radia\u00e7\u00e3o solar em determinados dias, fatores que podem aumentar a incid\u00eancia de doen\u00e7as. Segundo o Deral, as aplica\u00e7\u00f5es de fungicidas j\u00e1 foram retomadas para conter esse risco.<\/p>\n<p style=\"text-align:justify\">A previs\u00e3o meteorol\u00f3gica indica baixa probabilidade de geadas fortes e generalizadas ao longo de julho, o que refor\u00e7a a proje\u00e7\u00e3o positiva para o ciclo atual. At\u00e9 o momento, 90% das lavouras est\u00e3o em boas condi\u00e7\u00f5es, enquanto 10% apresentam situa\u00e7\u00e3o considerada mediana. Apenas uma parcela m\u00ednima encontra-se em condi\u00e7\u00e3o ruim.&#13;\n<\/p>\n<p style=\"text-align:justify\">Para 2025, a produ\u00e7\u00e3o paranaense de cevada est\u00e1 estimada em 423 mil toneladas, volume 43% superior ao registrado em 2024, quando foram colhidas 296 mil toneladas. Esse crescimento \u00e9 impulsionado pelo aumento de 20% na \u00e1rea cultivada, que deve atingir 96,9 mil hectares ao final da semeadura, ante os 80,5 mil hectares do ciclo anterior.<\/p>\n<p style=\"text-align:justify\">Segundo o Deral, o resultado depender\u00e1 da produtividade ao longo da safra. Em 2024, a m\u00e9dia foi de 3,7 toneladas por hectare, impactada pela seca nos Campos Gerais. A expectativa para 2025 \u00e9 de 4,4 toneladas por hectare, desde que n\u00e3o ocorram eventos clim\u00e1ticos adversos como seca prolongada, geadas tardias ou excesso de chuvas durante a colheita.&#13;\n<\/p>\n<p style=\"text-align:justify\">Embora alguns produtores iniciem a colheita em agosto, a intensifica\u00e7\u00e3o dos trabalhos est\u00e1 prevista apenas a partir de outubro.<\/p>\n<\/p><\/div>\n<p><script data-cfasync=\"false\">\n    !function (f, b, e, v, n, t, s) {\n        if (f.fbq) return; n = f.fbq = function () {\n            n.callMethod ?\n                n.callMethod.apply(n, arguments) : n.queue.push(arguments)\n        };\n        if (!f._fbq) f._fbq = n; n.push = n; n.loaded = !0; n.version = '2.0';\n        n.queue = []; t = b.createElement(e); t.async = !0;\n        t.src = v; s = b.getElementsByTagName(e)[0];\n        s.parentNode.insertBefore(t, s)\n    }(window, document, 'script',\n        'https:\/\/connect.facebook.net\/en_US\/fbevents.js');\n    fbq('init', '522546078623747');\n    fbq('track', 'PageView');\n<\/script><br \/>\n<br \/><br \/>\n<br \/><a href=\"https:\/\/www.agrolink.com.br\/noticias\/parana-pode-colher-423-mil-toneladas-de-cevada-em-2025_503807.html\">Source link <\/a><\/p>\n","protected":false},"excerpt":{"rendered":"<p>O plantio da cevada no Paran\u00e1 alcan\u00e7ou 90% da \u00e1rea prevista para a safra de 2025, segundo dados do Boletim<\/p>\n","protected":false},"author":1,"featured_media":16546,"comment_status":"open","ping_status":"open","sticky":false,"template":"","format":"standard","meta":{"_monsterinsights_skip_tracking":false,"_monsterinsights_sitenote_active":false,"_monsterinsights_sitenote_note":"","_monsterinsights_sitenote_category":0,"_uf_show_specific_survey":0,"_uf_disable_surveys":false,"footnotes":""},"categories":[8,1,14],"tags":[],"class_list":["post-16545","post","type-post","status-publish","format-standard","has-post-thumbnail","hentry","category-agro","category-news","category-politica-agro"],"_links":{"self":[{"href":"https:\/\/agromt.news\/index.php?rest_route=\/wp\/v2\/posts\/16545"}],"collection":[{"href":"https:\/\/agromt.news\/index.php?rest_route=\/wp\/v2\/posts"}],"about":[{"href":"https:\/\/agromt.news\/index.php?rest_route=\/wp\/v2\/types\/post"}],"author":[{"embeddable":true,"href":"https:\/\/agromt.news\/index.php?rest_route=\/wp\/v2\/users\/1"}],"replies":[{"embeddable":true,"href":"https:\/\/agromt.news\/index.php?rest_route=%2Fwp%2Fv2%2Fcomments&post=16545"}],"version-history":[{"count":0,"href":"https:\/\/agromt.news\/index.php?rest_route=\/wp\/v2\/posts\/16545\/revisions"}],"wp:featuredmedia":[{"embeddable":true,"href":"https:\/\/agromt.news\/index.php?rest_route=\/wp\/v2\/media\/16546"}],"wp:attachment":[{"href":"https:\/\/agromt.news\/index.php?rest_route=%2Fwp%2Fv2%2Fmedia&parent=16545"}],"wp:term":[{"taxonomy":"category","embeddable":true,"href":"https:\/\/agromt.news\/index.php?rest_route=%2Fwp%2Fv2%2Fcategories&post=16545"},{"taxonomy":"post_tag","embeddable":true,"href":"https:\/\/agromt.news\/index.php?rest_route=%2Fwp%2Fv2%2Ftags&post=16545"}],"curies":[{"name":"wp","href":"https:\/\/api.w.org\/{rel}","templated":true}]}}