{"id":16542,"date":"2025-07-11T00:30:31","date_gmt":"2025-07-11T04:30:31","guid":{"rendered":"https:\/\/agromt.news\/?p=16542"},"modified":"2025-07-11T00:30:31","modified_gmt":"2025-07-11T04:30:31","slug":"floracao-precoce-do-pessego-preocupa","status":"publish","type":"post","link":"https:\/\/agromt.news\/?p=16542","title":{"rendered":"Flora\u00e7\u00e3o precoce do p\u00eassego preocupa"},"content":{"rendered":"<p> <br \/>\n<\/p>\n<div>\n<div class=\"row\">\n<div class=\"col-lg col-infos mt-0 mt-lg-0\">\n<div class=\"section-sub-title\">\n<p itemprop=\"description\">&#13;<br \/>\n                                P\u00eassego precoce floresce sob risco de geadas&#13;\n                            <\/p>\n<\/p><\/div>\n<div class=\"container\">\n<div class=\"row\">\n<div class=\"col-lg p-0\">\n<div>\n<div class=\"block-news-main-infos mt-3 text-start\">\n<p>                                            <strong class=\"fn\" itemprop=\"author\" style=\"color: rgb(112, 112, 112); \">&#13;<br \/>\n                                                <a href=\"https:\/\/www.agrolink.com.br\/noticias\/javascript:;\" class=\"text-uppercase\" target=\"_blank\" style=\"color: rgb(112, 112, 112); \" rel=\"noopener\">Agrolink<\/a>&#13;<br \/>\n&#13;<br \/>\n                                                    &#8211; Seane Lennon&#13;<br \/>\n&#13;<br \/>\n                                            <\/strong><br \/>\n                                        <\/p>\n<p>                                            <abbr><time datetime=\"2025-07-10T18:44\" itemprop=\"datePublished dateModified\">Publicado em 10\/07\/2025 \u00e0s 18:44h.<\/time><\/abbr><br \/>\n                                            <\/p><\/div>\n<\/p><\/div>\n<\/p><\/div>\n<div class=\"col-lg p-0 text-lg-end\">\n<div>\n<div id=\"mdEnviarPagina\" class=\"modal fade\" role=\"dialog\">\n<div class=\"modal-dialog\">\n<div class=\"modal-content\">\n<div class=\"modal-body\">\n<p><strong>Estimado usu\u00e1rio.<\/strong><br \/>Preencha o formul\u00e1rio abaixo para remeter a p\u00e1gina.<\/p>\n<\/p><\/div>\n<\/p><\/div>\n<\/p><\/div>\n<\/div><\/div>\n<\/p><\/div>\n<\/p><\/div>\n<\/p><\/div>\n<\/p><\/div>\n<\/p><\/div>\n<div class=\"row justify-content-md-center mt-3\">\n<div class=\"col-lg-auto col-image block-news-main-image\">\n<p>                                <img decoding=\"async\" src=\"https:\/\/www.agrolink.com.br\/upload\/imagens-resizes\/fed08abccbab48c89135ad6caab3199b_858x483.jpg\" class=\"lazyload img-fluid\"\/><br \/>\n                                                <span class=\"publicity-photo d-block mt-1\">Foto: Pixabay<\/span><\/p><\/div>\n<\/p><\/div>\n<div class=\"section-description section-description-noticias mt-3\">\n<p style=\"text-align:justify\">O Informativo Conjuntural divulgado nesta quinta-feira (10) pela Emater\/RS-Ascar aponta que os produtores de <a href=\"https:\/\/www.agrolink.com.br\/culturas\/pessego?utm_source=agrolink-detalhe-noticia&amp;utm_medium=detalhe-noticia&amp;utm_campaign=links-internos\" target=\"_blank\" rel=\"noopener\">p\u00eassego<\/a> da regi\u00e3o de Caxias do Sul seguem atentos ao clima diante do avan\u00e7o da flora\u00e7\u00e3o em cultivares precoces. Nas \u00e1reas onde s\u00e3o cultivadas variedades como PS do Cedo, Rubinel e Kampai, j\u00e1 foram realizadas a poda seca e o arqueamento das pernadas em plantas jovens.&#13;\n<\/p>\n<p style=\"text-align:justify\">Segundo a Emater, essas cultivares, al\u00e9m de outras de ciclo intermedi\u00e1rio, iniciaram o processo de flora\u00e7\u00e3o, o que tem gerado preocupa\u00e7\u00e3o entre os agricultores. \u201cA poss\u00edvel ocorr\u00eancia de geadas severas pode provocar perdas, com queima de flores ou frutos em in\u00edcio de desenvolvimento\u201d, alerta o boletim.<\/p>\n<p style=\"text-align:justify\">As variedades de ciclo m\u00e9dio e tardio, por outro lado, permanecem em est\u00e1gio de dorm\u00eancia, o que tem sido favorecido pelas baixas temperaturas dos \u00faltimos dias. O per\u00edodo sem chuvas e com dias ensolarados contribuiu para o avan\u00e7o dos tratos culturais. \u201cFoi poss\u00edvel intensificar a poda de frutifica\u00e7\u00e3o e realizar tratamentos de inverno com calda sulfoc\u00e1lcica\u201d, informa a Emater.&#13;\n<\/p>\n<p style=\"text-align:justify\">Na regi\u00e3o de Pelotas, as condi\u00e7\u00f5es de frio continuam mantendo as plantas em dorm\u00eancia, o que auxilia no controle de pragas e doen\u00e7as. Os produtores seguem realizando manejos culturais e preparando os pomares para a pr\u00f3xima safra. Tamb\u00e9m est\u00e1 em andamento o plantio de cultivares tardias, como a Eldorado, em resposta \u00e0 demanda de mercado.<\/p>\n<\/p><\/div>\n<\/p><\/div>\n<p><script data-cfasync=\"false\">\n    !function (f, b, e, v, n, t, s) {\n        if (f.fbq) return; n = f.fbq = function () {\n            n.callMethod ?\n                n.callMethod.apply(n, arguments) : n.queue.push(arguments)\n        };\n        if (!f._fbq) f._fbq = n; n.push = n; n.loaded = !0; n.version = '2.0';\n        n.queue = []; t = b.createElement(e); t.async = !0;\n        t.src = v; s = b.getElementsByTagName(e)[0];\n        s.parentNode.insertBefore(t, s)\n    }(window, document, 'script',\n        'https:\/\/connect.facebook.net\/en_US\/fbevents.js');\n    fbq('init', '522546078623747');\n    fbq('track', 'PageView');\n<\/script><br \/>\n<br \/><br \/>\n<br \/><a href=\"https:\/\/www.agrolink.com.br\/noticias\/floracao-precoce-do-pessego-preocupa_503810.html\">Source link <\/a><\/p>\n","protected":false},"excerpt":{"rendered":"<p>&#13; P\u00eassego precoce floresce sob risco de geadas&#13; &#13; Agrolink&#13; &#13; &#8211; Seane Lennon&#13; &#13; Publicado em 10\/07\/2025 \u00e0s 18:44h.<\/p>\n","protected":false},"author":1,"featured_media":5864,"comment_status":"open","ping_status":"open","sticky":false,"template":"","format":"standard","meta":{"_monsterinsights_skip_tracking":false,"_monsterinsights_sitenote_active":false,"_monsterinsights_sitenote_note":"","_monsterinsights_sitenote_category":0,"_uf_show_specific_survey":0,"_uf_disable_surveys":false,"footnotes":""},"categories":[8,1,14],"tags":[],"class_list":["post-16542","post","type-post","status-publish","format-standard","has-post-thumbnail","hentry","category-agro","category-news","category-politica-agro"],"_links":{"self":[{"href":"https:\/\/agromt.news\/index.php?rest_route=\/wp\/v2\/posts\/16542"}],"collection":[{"href":"https:\/\/agromt.news\/index.php?rest_route=\/wp\/v2\/posts"}],"about":[{"href":"https:\/\/agromt.news\/index.php?rest_route=\/wp\/v2\/types\/post"}],"author":[{"embeddable":true,"href":"https:\/\/agromt.news\/index.php?rest_route=\/wp\/v2\/users\/1"}],"replies":[{"embeddable":true,"href":"https:\/\/agromt.news\/index.php?rest_route=%2Fwp%2Fv2%2Fcomments&post=16542"}],"version-history":[{"count":0,"href":"https:\/\/agromt.news\/index.php?rest_route=\/wp\/v2\/posts\/16542\/revisions"}],"wp:featuredmedia":[{"embeddable":true,"href":"https:\/\/agromt.news\/index.php?rest_route=\/wp\/v2\/media\/5864"}],"wp:attachment":[{"href":"https:\/\/agromt.news\/index.php?rest_route=%2Fwp%2Fv2%2Fmedia&parent=16542"}],"wp:term":[{"taxonomy":"category","embeddable":true,"href":"https:\/\/agromt.news\/index.php?rest_route=%2Fwp%2Fv2%2Fcategories&post=16542"},{"taxonomy":"post_tag","embeddable":true,"href":"https:\/\/agromt.news\/index.php?rest_route=%2Fwp%2Fv2%2Ftags&post=16542"}],"curies":[{"name":"wp","href":"https:\/\/api.w.org\/{rel}","templated":true}]}}