{"id":16541,"date":"2025-07-10T22:34:44","date_gmt":"2025-07-11T02:34:44","guid":{"rendered":"https:\/\/agromt.news\/?p=16541"},"modified":"2025-07-10T22:34:44","modified_gmt":"2025-07-11T02:34:44","slug":"agricultores-entregam-149-tonelada-de-alimentos-no-espirito-santo","status":"publish","type":"post","link":"https:\/\/agromt.news\/?p=16541","title":{"rendered":"Agricultores entregam 149 tonelada de alimentos no Esp\u00edrito Santo"},"content":{"rendered":"<p> <br \/>\n<\/p>\n<div>\n<div class=\"row\">\n<div class=\"col-lg col-infos mt-0 mt-lg-0\">\n<div class=\"section-sub-title\">\n<p itemprop=\"description\">&#13;<br \/>\n                                PAA distribui alimentos em S\u00e3o Gabriel e S\u00e3o Mateus&#13;\n                            <\/p>\n<\/p><\/div>\n<div class=\"container\">\n<div class=\"row\">\n<div class=\"col-lg p-0\">\n<div>\n<div class=\"block-news-main-infos mt-3 text-start\">\n<p>                                            <strong class=\"fn\" itemprop=\"author\" style=\"color: rgb(112, 112, 112); \">&#13;<br \/>\n                                                <a href=\"https:\/\/www.agrolink.com.br\/noticias\/javascript:;\" class=\"text-uppercase\" target=\"_blank\" style=\"color: rgb(112, 112, 112); \" rel=\"noopener\">Agrolink<\/a>&#13;<br \/>\n&#13;<br \/>\n                                                    &#8211; Seane Lennon&#13;<br \/>\n&#13;<br \/>\n                                            <\/strong><br \/>\n                                        <\/p>\n<p>                                            <abbr><time datetime=\"2025-07-10T18:47\" itemprop=\"datePublished dateModified\">Publicado em 10\/07\/2025 \u00e0s 18:47h.<\/time><\/abbr><br \/>\n                                            <\/p><\/div>\n<\/p><\/div>\n<\/p><\/div>\n<div class=\"col-lg p-0 text-lg-end\">\n<div>\n<div id=\"mdEnviarPagina\" class=\"modal fade\" role=\"dialog\">\n<div class=\"modal-dialog\">\n<div class=\"modal-content\">\n<div class=\"modal-body\">\n<p><strong>Estimado usu\u00e1rio.<\/strong><br \/>Preencha o formul\u00e1rio abaixo para remeter a p\u00e1gina.<\/p>\n<\/p><\/div>\n<\/p><\/div>\n<\/p><\/div>\n<\/div><\/div>\n<\/p><\/div>\n<\/p><\/div>\n<\/p><\/div>\n<\/p><\/div>\n<\/p><\/div>\n<div class=\"row justify-content-md-center mt-3\">\n<div class=\"col-lg-auto col-image block-news-main-image\">\n<p>                                <img decoding=\"async\" src=\"https:\/\/www.agrolink.com.br\/upload\/imagens-resizes\/113bc263736a463281e95d84ad1a5c67_858x483.jpg\" class=\"lazyload img-fluid\"\/><br \/>\n                                                <span class=\"publicity-photo d-block mt-1\">Foto: Pixabay<\/span><\/p><\/div>\n<\/p><\/div>\n<div class=\"section-description section-description-noticias mt-3\">\n<p style=\"text-align:justify\">A Companhia Nacional de Abastecimento (Conab) iniciou nesta semana o acompanhamento das entregas de alimentos pelo Programa de Aquisi\u00e7\u00e3o de Alimentos (PAA) no Esp\u00edrito Santo. As a\u00e7\u00f5es s\u00e3o realizadas em parceria com a Cooperativa Mista de Produ\u00e7\u00e3o e Comercializa\u00e7\u00e3o Camponesa do Estado do Esp\u00edrito Santo (CPC) e envolvem agricultores familiares de S\u00e3o Gabriel da Palha e S\u00e3o Mateus.&#13;\n<\/p>\n<p style=\"text-align:justify\">Em S\u00e3o Gabriel da Palha, a entrega ocorreu na quarta-feira (9), com a distribui\u00e7\u00e3o de aproximadamente 2,7 toneladas de alimentos para institui\u00e7\u00f5es socioassistenciais locais. De acordo com a Conab, o projeto prev\u00ea a participa\u00e7\u00e3o de 57 agricultores familiares, que dever\u00e3o fornecer cerca de 149 toneladas de alimentos ao longo de um a dois anos. A proposta contempla seis unidades recebedoras e deve beneficiar 1.727 pessoas.&#13;\n<\/p>\n<p style=\"text-align:justify\">A segunda entrega est\u00e1 prevista para esta quinta-feira (10), no munic\u00edpio de S\u00e3o Mateus. A opera\u00e7\u00e3o contar\u00e1 com a participa\u00e7\u00e3o de 41 produtores, que entregar\u00e3o 500 quilos de alimentos. O projeto total no munic\u00edpio prev\u00ea o fornecimento de 604 toneladas para oito unidades recebedoras, com atendimento estimado de 1.100 pessoas durante o per\u00edodo de vig\u00eancia.&#13;\n<\/p>\n<p style=\"text-align:justify\">As quantidades previstas para os dois munic\u00edpios se referem ao volume total programado no \u00e2mbito da proposta do PAA, a ser entregue ao longo do tempo de execu\u00e7\u00e3o do projeto.<\/p>\n<\/p><\/div>\n<\/p><\/div>\n<p><script data-cfasync=\"false\">\n    !function (f, b, e, v, n, t, s) {\n        if (f.fbq) return; n = f.fbq = function () {\n            n.callMethod ?\n                n.callMethod.apply(n, arguments) : n.queue.push(arguments)\n        };\n        if (!f._fbq) f._fbq = n; n.push = n; n.loaded = !0; n.version = '2.0';\n        n.queue = []; t = b.createElement(e); t.async = !0;\n        t.src = v; s = b.getElementsByTagName(e)[0];\n        s.parentNode.insertBefore(t, s)\n    }(window, document, 'script',\n        'https:\/\/connect.facebook.net\/en_US\/fbevents.js');\n    fbq('init', '522546078623747');\n    fbq('track', 'PageView');\n<\/script><br \/>\n<br \/><br \/>\n<br \/><a href=\"https:\/\/www.agrolink.com.br\/noticias\/agricultores-entregam-149-tonelada-de-alimentos-no-espirito-santo_503811.html\">Source link <\/a><\/p>\n","protected":false},"excerpt":{"rendered":"<p>&#13; PAA distribui alimentos em S\u00e3o Gabriel e S\u00e3o Mateus&#13; &#13; Agrolink&#13; &#13; &#8211; Seane Lennon&#13; &#13; Publicado em 10\/07\/2025<\/p>\n","protected":false},"author":1,"featured_media":4758,"comment_status":"open","ping_status":"open","sticky":false,"template":"","format":"standard","meta":{"_monsterinsights_skip_tracking":false,"_monsterinsights_sitenote_active":false,"_monsterinsights_sitenote_note":"","_monsterinsights_sitenote_category":0,"_uf_show_specific_survey":0,"_uf_disable_surveys":false,"footnotes":""},"categories":[8,1,14],"tags":[],"class_list":["post-16541","post","type-post","status-publish","format-standard","has-post-thumbnail","hentry","category-agro","category-news","category-politica-agro"],"_links":{"self":[{"href":"https:\/\/agromt.news\/index.php?rest_route=\/wp\/v2\/posts\/16541"}],"collection":[{"href":"https:\/\/agromt.news\/index.php?rest_route=\/wp\/v2\/posts"}],"about":[{"href":"https:\/\/agromt.news\/index.php?rest_route=\/wp\/v2\/types\/post"}],"author":[{"embeddable":true,"href":"https:\/\/agromt.news\/index.php?rest_route=\/wp\/v2\/users\/1"}],"replies":[{"embeddable":true,"href":"https:\/\/agromt.news\/index.php?rest_route=%2Fwp%2Fv2%2Fcomments&post=16541"}],"version-history":[{"count":0,"href":"https:\/\/agromt.news\/index.php?rest_route=\/wp\/v2\/posts\/16541\/revisions"}],"wp:featuredmedia":[{"embeddable":true,"href":"https:\/\/agromt.news\/index.php?rest_route=\/wp\/v2\/media\/4758"}],"wp:attachment":[{"href":"https:\/\/agromt.news\/index.php?rest_route=%2Fwp%2Fv2%2Fmedia&parent=16541"}],"wp:term":[{"taxonomy":"category","embeddable":true,"href":"https:\/\/agromt.news\/index.php?rest_route=%2Fwp%2Fv2%2Fcategories&post=16541"},{"taxonomy":"post_tag","embeddable":true,"href":"https:\/\/agromt.news\/index.php?rest_route=%2Fwp%2Fv2%2Ftags&post=16541"}],"curies":[{"name":"wp","href":"https:\/\/api.w.org\/{rel}","templated":true}]}}