{"id":1654,"date":"2024-09-16T02:56:52","date_gmt":"2024-09-16T06:56:52","guid":{"rendered":"https:\/\/agromt.news\/?p=1654"},"modified":"2024-09-16T02:56:52","modified_gmt":"2024-09-16T06:56:52","slug":"cafe-mercado-finaliza-a-semana-com-fortes-ganhos-atento-as-condicoes","status":"publish","type":"post","link":"https:\/\/agromt.news\/?p=1654","title":{"rendered":"Caf\u00e9: Mercado finaliza a semana com fortes ganhos atento as condi\u00e7\u00f5es&#8230;"},"content":{"rendered":"<p> <br \/>\n<\/p>\n<div>\n<p><img decoding=\"async\" alt=\"Logotipo Not&#xED;cias Agr&#xED;colas\" height=\"21\" src=\"https:\/\/cdn.noticiasagricolas.com.br\/dbimagens\/e12363a00741f9cc7caf23469101a4aa.png\" width=\"106\"\/><\/p>\n<p style=\"text-align:justify;\">Na sess\u00e3o desta sexta-feira (23), os vencimentos futuros do caf\u00e9 ar\u00e1bica\u00a0 finalizaram o preg\u00e3o com fortes avan\u00e7os na Bolsa de Nova York (ICE Future US), sendo que os primeiros vencimentos registraram ganhos de 440 pontos a 360 pontos.<\/p>\n<p>\nNa Bolsa de Nova York (Ice Futures US), o vencimento setembro\/24 terminou com alta de 440 pontos e est\u00e1 cotado em 251,50 cents\/lbp, enquanto o contrato dezembro\/24 finalizou com ganho de 440 pontos e est\u00e1 precificado em 247,30 cents\/lbp. No caso do mar\u00e7o\/25 encerrou com valoriza\u00e7\u00e3o de 360 pontos e cotado em 244,80 cents\/lbp.<\/p>\n<p>J\u00e1 em Londres, o contrato setembro\/24 registrou baixa de US$ 51 por tonelada, negociado por US$ 4.903 por tonelada. O novembro\/24 encerrou com recuo de US$ 58 por tonelada e valendo US$ 4.574. O janeiro\/25 tamb\u00e9m teve valoriza\u00e7\u00e3o de US$ 60 e cotado por US$ 4.380 por tonelada.<\/p>\n<p>\nDe acordo com o Barchart, os pre\u00e7os do caf\u00e9 nesta sexta-feira se recuperaram das perdas iniciais e subiram . Os pre\u00e7os do robusta registraram um novo recorde diante das preocupa\u00e7\u00f5es com a produ\u00e7\u00e3o no Vietn\u00e3. \u201cO mercado est\u00e1 atento \u00e0s condi\u00e7\u00f5es clim\u00e1ticas adversas no Brasil e no Vietn\u00e3 amea\u00e7am as safras globais de caf\u00e9\u201d, informou.<\/p>\n<p>Ainda segundo o Barchart, a seca excessiva no Brasil pode causar a flora\u00e7\u00e3o prematura dos cafeeiros e reduzir a produtividade da safra de caf\u00e9 2024\/25 do Brasil. \u201cA Cooxup\u00e9, a principal cooperativa de caf\u00e9 do Brasil, disse que os cafeeiros continuam estressados, j\u00e1 que v\u00e1rias regi\u00f5es produtoras de caf\u00e9 no Brasil n\u00e3o tiveram chuvas significativas nos \u00faltimos 120 dias\u201d, reportou.<\/p>\n<p style=\"text-align:justify;\"><span style=\"color:#000000;\"><strong>Mercado Interno\u00a0\u00a0<\/strong><\/span><\/p>\n<p style=\"text-align:justify;\">No mercado interno, as cota\u00e7\u00f5es do caf\u00e9 registraram movimenta\u00e7\u00f5es nas regi\u00f5es produtoras acompanhadas pelo Not\u00edcias Agr\u00edcolas.<\/p>\n<p>\nNo caso do caf\u00e9 ar\u00e1bica tipo 6\/7,\u00a0 na regi\u00e3o de Guaxup\u00e9\/MG o pre\u00e7o registrou valoriza\u00e7\u00e3o de 0,35% e ficou cotado em R$ 1.430,00 por saca. Em Varginha\/MG, a saca do caf\u00e9 foi comercializada a R$ 1.440,00 por saca e teve alta de 1,41%. Em Po\u00e7os de Caldas\/MG, a cota\u00e7\u00e3o do caf\u00e9 teve ganho de 1,43% e est\u00e1 precificado em R$ 1.420,00 por saca.\u00a0<\/p>\n<p>No caso do\u00a0 caf\u00e9 ar\u00e1bica tipo 6, a cota\u00e7\u00e3o registrou alta de 0,21% na regi\u00e3o de Guaxup\u00e9\/MG e terminou negociado em R$ 1.453,00 por saca.\u00a0 J\u00e1 em Varginha\/MG, o pre\u00e7o do caf\u00e9 registrou ganho de 1,39%\u00a0 e ficou precificada em R$ 1.460,00 por saca. Em Franca\/SP, o caf\u00e9 terminou o dia cotado em R$ 1.470,00 por saca e teve alta de 0,68%.\u00a0<\/p>\n<p>No caso do caf\u00e9 tipo cereja descascado registrou movimenta\u00e7\u00e3o em Guaxup\u00e9\/MG, em que o pre\u00e7o do caf\u00e9 teve alta de 0,59% e est\u00e1 cotado em R$ 1.539,00 por saca. Em Campos Gerais\/MG,\u00a0 o pre\u00e7o do caf\u00e9 teve alta de 0,33% e est\u00e1 negociado a R$ 1.520,00 por saca. Em Varginha\/MG, a cota\u00e7\u00e3o do caf\u00e9 teve alta de 1,33% e est\u00e1 precificado em R$ 1.520,00 por saca.<\/p>\n<\/div>\n<p><script async defer src=\"https:\/\/connect.facebook.net\/en_US\/sdk.js\" type=\"2f21fd706720c3d56e6c0fe2-text\/javascript\"><\/script><script type=\"2f21fd706720c3d56e6c0fe2-text\/javascript\">\n  !function(f,b,e,v,n,t,s)\n  {if(f.fbq)return;n=f.fbq=function(){n.callMethod?\n    n.callMethod.apply(n,arguments):n.queue.push(arguments)};\n    if(!f._fbq)f._fbq=n;n.push=n;n.loaded=!0;n.version='2.0';\n    n.queue=[];t=b.createElement(e);t.async=!0;\n    t.src=v;s=b.getElementsByTagName(e)[0];\n    s.parentNode.insertBefore(t,s)}(window, document,'script',\n    'https:\/\/connect.facebook.net\/en_US\/fbevents.js');\n  fbq('init', '153495679422335');\n  fbq('track', 'PageView');\n<\/script><br \/>\n<br \/><br \/>\n<br \/><a href=\"https:\/\/www.noticiasagricolas.com.br\/noticias\/cafe\/383533-cafe-mercado-finaliza-a-semana-com-fortes-ganhos-atento-as-condicoes-climaticas-no-brasil-e-vietna.html\">Source link <\/a><\/p>\n","protected":false},"excerpt":{"rendered":"<p>Na sess\u00e3o desta sexta-feira (23), os vencimentos futuros do caf\u00e9 ar\u00e1bica\u00a0 finalizaram o preg\u00e3o com fortes avan\u00e7os na Bolsa de<\/p>\n","protected":false},"author":1,"featured_media":1655,"comment_status":"open","ping_status":"open","sticky":false,"template":"","format":"standard","meta":{"_monsterinsights_skip_tracking":false,"_monsterinsights_sitenote_active":false,"_monsterinsights_sitenote_note":"","_monsterinsights_sitenote_category":0,"_uf_show_specific_survey":0,"_uf_disable_surveys":false,"footnotes":""},"categories":[8,1,14,16],"tags":[],"class_list":["post-1654","post","type-post","status-publish","format-standard","has-post-thumbnail","hentry","category-agro","category-news","category-politica-agro","category-safra"],"_links":{"self":[{"href":"https:\/\/agromt.news\/index.php?rest_route=\/wp\/v2\/posts\/1654"}],"collection":[{"href":"https:\/\/agromt.news\/index.php?rest_route=\/wp\/v2\/posts"}],"about":[{"href":"https:\/\/agromt.news\/index.php?rest_route=\/wp\/v2\/types\/post"}],"author":[{"embeddable":true,"href":"https:\/\/agromt.news\/index.php?rest_route=\/wp\/v2\/users\/1"}],"replies":[{"embeddable":true,"href":"https:\/\/agromt.news\/index.php?rest_route=%2Fwp%2Fv2%2Fcomments&post=1654"}],"version-history":[{"count":0,"href":"https:\/\/agromt.news\/index.php?rest_route=\/wp\/v2\/posts\/1654\/revisions"}],"wp:featuredmedia":[{"embeddable":true,"href":"https:\/\/agromt.news\/index.php?rest_route=\/wp\/v2\/media\/1655"}],"wp:attachment":[{"href":"https:\/\/agromt.news\/index.php?rest_route=%2Fwp%2Fv2%2Fmedia&parent=1654"}],"wp:term":[{"taxonomy":"category","embeddable":true,"href":"https:\/\/agromt.news\/index.php?rest_route=%2Fwp%2Fv2%2Fcategories&post=1654"},{"taxonomy":"post_tag","embeddable":true,"href":"https:\/\/agromt.news\/index.php?rest_route=%2Fwp%2Fv2%2Ftags&post=1654"}],"curies":[{"name":"wp","href":"https:\/\/api.w.org\/{rel}","templated":true}]}}