{"id":16537,"date":"2025-07-10T20:11:23","date_gmt":"2025-07-11T00:11:23","guid":{"rendered":"https:\/\/agromt.news\/?p=16537"},"modified":"2025-07-10T20:11:23","modified_gmt":"2025-07-11T00:11:23","slug":"queda-em-precos-de-alimentos-no-ipca-de-junho-sucede-sequencia-de-9-meses-de-altas-diz-ibge","status":"publish","type":"post","link":"https:\/\/agromt.news\/?p=16537","title":{"rendered":"Queda em pre\u00e7os de alimentos no IPCA de junho sucede sequ\u00eancia de 9 meses de altas, diz IBGE"},"content":{"rendered":"<p> <br \/>\n<br \/><img decoding=\"async\" src=\"https:\/\/agromt.news\/wp-content\/uploads\/2025\/07\/Queda-em-precos-de-alimentos-no-IPCA-de-junho-sucede.jpg\" \/><\/p>\n<div>\n<p>A queda nos pre\u00e7os dos alimentos em junho interrompeu uma sequ\u00eancia de nove meses de aumentos.<\/p>\n<p>O grupo Alimenta\u00e7\u00e3o e Bebidas saiu de uma alta de 0,17% em maio para um recuo de 0,18% em junho, uma contribui\u00e7\u00e3o de -0,04 ponto porcentual para a taxa de 0,24% registrada pelo \u00cdndice Nacional de Pre\u00e7os ao Consumidor Amplo (IPCA) do \u00faltimo m\u00eas, informou o Instituto Brasileiro de Geografia e Estat\u00edstica (IBGE).<\/p>\n<p>Segundo Fernando Gon\u00e7alves, gerente do IPCA no IBGE, os pre\u00e7os dos alimentos caem devido a um aumento na oferta desses produtos. O custo da alimenta\u00e7\u00e3o no domic\u00edlio caiu 0,43% em junho. As fam\u00edlias pagaram menos pelo:<\/p>\n<ul>\n<li>Ovo de galinha (-6,58%);<\/li>\n<li>Arroz (-3,23%;) e<\/li>\n<li>Frutas (-2,22%)<\/li>\n<\/ul>\n<\/div>\n<div>\n<p>Por outro lado, o tomate ficou 3,25% mais caro. Ap\u00f3s meses de press\u00e3o, o caf\u00e9 mo\u00eddo diminuiu o ritmo de alta, com eleva\u00e7\u00e3o de 0,56% em junho, em meio \u00e0s expectativas pela safra maior.<\/p>\n<p>\u201cO caf\u00e9 vinha num processo de alta, permanece numa varia\u00e7\u00e3o positiva\u201d, lembrou Gon\u00e7alves, ponderando que o aumento na colheita j\u00e1 come\u00e7a a ser percebido, embora necessite ainda de um tempo at\u00e9 chegar de fato \u00e0s prateleiras. \u201cO pre\u00e7o no atacado come\u00e7a a reduzir, e a gente espera um efeito na cadeia de produ\u00e7\u00e3o chegando ao consumidor final.\u201d<\/p>\n<p>A alimenta\u00e7\u00e3o fora do domic\u00edlio subiu 0,46% em junho: o lanche avan\u00e7ou 0,58%, e a refei\u00e7\u00e3o fora de casa subiu 0,41%.<\/p>\n<\/p><\/div>\n<p><br \/>\n<br \/><a href=\"https:\/\/www.canalrural.com.br\/economia\/queda-em-precos-de-alimentos-no-ipca-de-junho-sucede-sequencia-de-nove-meses-de-altas-diz-ibge\/\">Source link <\/a><\/p>\n","protected":false},"excerpt":{"rendered":"<p>A queda nos pre\u00e7os dos alimentos em junho interrompeu uma sequ\u00eancia de nove meses de aumentos. O grupo Alimenta\u00e7\u00e3o e<\/p>\n","protected":false},"author":1,"featured_media":16538,"comment_status":"open","ping_status":"open","sticky":false,"template":"","format":"standard","meta":{"_monsterinsights_skip_tracking":false,"_monsterinsights_sitenote_active":false,"_monsterinsights_sitenote_note":"","_monsterinsights_sitenote_category":0,"_uf_show_specific_survey":0,"_uf_disable_surveys":false,"footnotes":""},"categories":[1],"tags":[],"class_list":["post-16537","post","type-post","status-publish","format-standard","has-post-thumbnail","hentry","category-news"],"_links":{"self":[{"href":"https:\/\/agromt.news\/index.php?rest_route=\/wp\/v2\/posts\/16537"}],"collection":[{"href":"https:\/\/agromt.news\/index.php?rest_route=\/wp\/v2\/posts"}],"about":[{"href":"https:\/\/agromt.news\/index.php?rest_route=\/wp\/v2\/types\/post"}],"author":[{"embeddable":true,"href":"https:\/\/agromt.news\/index.php?rest_route=\/wp\/v2\/users\/1"}],"replies":[{"embeddable":true,"href":"https:\/\/agromt.news\/index.php?rest_route=%2Fwp%2Fv2%2Fcomments&post=16537"}],"version-history":[{"count":0,"href":"https:\/\/agromt.news\/index.php?rest_route=\/wp\/v2\/posts\/16537\/revisions"}],"wp:featuredmedia":[{"embeddable":true,"href":"https:\/\/agromt.news\/index.php?rest_route=\/wp\/v2\/media\/16538"}],"wp:attachment":[{"href":"https:\/\/agromt.news\/index.php?rest_route=%2Fwp%2Fv2%2Fmedia&parent=16537"}],"wp:term":[{"taxonomy":"category","embeddable":true,"href":"https:\/\/agromt.news\/index.php?rest_route=%2Fwp%2Fv2%2Fcategories&post=16537"},{"taxonomy":"post_tag","embeddable":true,"href":"https:\/\/agromt.news\/index.php?rest_route=%2Fwp%2Fv2%2Ftags&post=16537"}],"curies":[{"name":"wp","href":"https:\/\/api.w.org\/{rel}","templated":true}]}}