{"id":16535,"date":"2025-07-10T18:43:07","date_gmt":"2025-07-10T22:43:07","guid":{"rendered":"https:\/\/agromt.news\/?p=16535"},"modified":"2025-07-10T18:43:07","modified_gmt":"2025-07-10T22:43:07","slug":"brasil-ainda-importa-mais-arroz-do-que-vende","status":"publish","type":"post","link":"https:\/\/agromt.news\/?p=16535","title":{"rendered":"Brasil ainda importa mais arroz do que vende"},"content":{"rendered":"<p> <br \/>\n<\/p>\n<div>\n<div class=\"row\">\n<div class=\"col-lg col-infos mt-0 mt-lg-0\">\n<div class=\"section-sub-title\">\n<p itemprop=\"description\">&#13;<br \/>\n                                Expectativa \u00e9 de que o ritmo das negocia\u00e7\u00f5es ganhe for\u00e7a nas pr\u00f3ximas semanas&#13;\n                            <\/p>\n<\/p><\/div>\n<div class=\"container\">\n<div class=\"row\">\n<div class=\"col-lg p-0\">\n<div>\n<div class=\"block-news-main-infos mt-3 text-start\">\n<p>                                            <strong class=\"fn\" itemprop=\"author\" style=\"color: rgb(112, 112, 112); \">&#13;<br \/>\n                                                <a href=\"https:\/\/www.agrolink.com.br\/noticias\/javascript:;\" class=\"text-uppercase\" target=\"_blank\" style=\"color: rgb(112, 112, 112); \" rel=\"noopener\">Agrolink<\/a>&#13;<br \/>\n&#13;<br \/>\n                                                    &#8211; Aline Merladete&#13;<br \/>\n&#13;<br \/>\n                                            <\/strong><br \/>\n                                        <\/p>\n<p>                                            <abbr><time datetime=\"2025-07-09T10:16\" itemprop=\"datePublished dateModified\">Publicado em 09\/07\/2025 \u00e0s 10:16h.<\/time><\/abbr><br \/>\n                                            <\/p><\/div>\n<\/p><\/div>\n<\/p><\/div>\n<div class=\"col-lg p-0 text-lg-end\">\n<div>\n<div id=\"mdEnviarPagina\" class=\"modal fade\" role=\"dialog\">\n<div class=\"modal-dialog\">\n<div class=\"modal-content\">\n<div class=\"modal-body\">\n<p><strong>Estimado usu\u00e1rio.<\/strong><br \/>Preencha o formul\u00e1rio abaixo para remeter a p\u00e1gina.<\/p>\n<\/p><\/div>\n<\/p><\/div>\n<\/p><\/div>\n<\/div><\/div>\n<\/p><\/div>\n<\/p><\/div>\n<\/p><\/div>\n<\/p><\/div>\n<\/p><\/div>\n<div class=\"row justify-content-md-center mt-3\">\n<div class=\"col-lg-auto col-image block-news-main-image\">\n<p>                                <img decoding=\"async\" src=\"https:\/\/www.agrolink.com.br\/upload\/imagens-resizes\/5f6e8fb8ad14406789c012a4d2bd578a_858x483.jpg\" class=\"lazyload img-fluid\"\/><br \/>\n                                                <span class=\"publicity-photo d-block mt-1\">Foto: Pixabay<\/span><\/p><\/div>\n<\/p><\/div>\n<div class=\"section-description section-description-noticias mt-3\">\n<p style=\"text-align:justify\">O primeiro semestre de 2025 apresentou mudan\u00e7as relevantes no fluxo comercial do <a href=\"https:\/\/www.agrolink.com.br\/culturas\/arroz\/?utm_source=agrolink-detalhe-noticia&amp;utm_medium=detalhe-noticia&amp;utm_campaign=links-internos\" target=\"_blank\" rel=\"noopener\">arroz<\/a> brasileiro. Enquanto as exporta\u00e7\u00f5es aumentaram, as importa\u00e7\u00f5es do gr\u00e3o recuaram. Mesmo assim, o Brasil segue com um saldo negativo na balan\u00e7a do <a href=\"https:\/\/www.agrolink.com.br\/culturas\/arroz\/?utm_source=agrolink-detalhe-noticia&amp;utm_medium=detalhe-noticia&amp;utm_campaign=links-internos\" target=\"_blank\" rel=\"noopener\">arroz<\/a>, tendo adquirido volume maior do que embarcou para outros pa\u00edses.&#13;\n<\/p>\n<p style=\"text-align:justify\">Segundo dados da Secex analisados pelo Cepea (Centro de Estudos Avan\u00e7ados em Economia Aplicada), entre janeiro e junho deste ano foram exportadas 613,17 mil toneladas de arroz em equivalente casca, o que representa um avan\u00e7o de 10,2% na compara\u00e7\u00e3o com o mesmo per\u00edodo de 2024. J\u00e1 as importa\u00e7\u00f5es recuaram 12,8%, somando 694,5 mil toneladas no acumulado do semestre.<\/p>\n<p style=\"text-align:justify\">Apesar da queda nas compras externas, o pa\u00eds ainda depende de importa\u00e7\u00f5es para abastecer o mercado interno. O cen\u00e1rio evidencia a import\u00e2ncia de acompanhar as pol\u00edticas de abastecimento e incentivo \u00e0 produ\u00e7\u00e3o nacional, especialmente ap\u00f3s os impactos clim\u00e1ticos registrados no sul do pa\u00eds nos \u00faltimos meses.&#13;\n<\/p>\n<p style=\"text-align:justify\">No in\u00edcio de julho, o mercado do arroz em casca no Rio Grande do Sul \u2014 principal estado produtor \u2014 segue com baixa liquidez. Conforme levantamento do Cepea, os agentes est\u00e3o cautelosos, aguardando melhores condi\u00e7\u00f5es de mercado para efetivar neg\u00f3cios.\u00a0As cota\u00e7\u00f5es t\u00eam oscilado entre as microrregi\u00f5es analisadas. Em \u00e1reas com maior oferta do produto, os pre\u00e7os recuaram. Por outro lado, em regi\u00f5es com disponibilidade limitada, houve valoriza\u00e7\u00e3o diante da demanda para reposi\u00e7\u00e3o de estoques.<\/p>\n<p style=\"text-align:justify\">O cen\u00e1rio indica que o mercado segue em compasso de espera, com a forma\u00e7\u00e3o de pre\u00e7os sendo influenciada principalmente pela oferta regional e pelo comportamento do consumo interno. A expectativa \u00e9 de que o ritmo das negocia\u00e7\u00f5es ganhe for\u00e7a nas pr\u00f3ximas semanas, \u00e0 medida que o mercado volte a se equilibrar.&#13;\n<\/p>\n<\/p><\/div>\n<\/p><\/div>\n<p><script data-cfasync=\"false\">\n    !function (f, b, e, v, n, t, s) {\n        if (f.fbq) return; n = f.fbq = function () {\n            n.callMethod ?\n                n.callMethod.apply(n, arguments) : n.queue.push(arguments)\n        };\n        if (!f._fbq) f._fbq = n; n.push = n; n.loaded = !0; n.version = '2.0';\n        n.queue = []; t = b.createElement(e); t.async = !0;\n        t.src = v; s = b.getElementsByTagName(e)[0];\n        s.parentNode.insertBefore(t, s)\n    }(window, document, 'script',\n        'https:\/\/connect.facebook.net\/en_US\/fbevents.js');\n    fbq('init', '522546078623747');\n    fbq('track', 'PageView');\n<\/script><br \/>\n<br \/><br \/>\n<br \/><a href=\"https:\/\/www.agrolink.com.br\/noticias\/brasil-ainda-importa-mais-arroz-do-que-vende_503726.html\">Source link <\/a><\/p>\n","protected":false},"excerpt":{"rendered":"<p>&#13; Expectativa \u00e9 de que o ritmo das negocia\u00e7\u00f5es ganhe for\u00e7a nas pr\u00f3ximas semanas&#13; &#13; Agrolink&#13; &#13; &#8211; Aline Merladete&#13;<\/p>\n","protected":false},"author":1,"featured_media":4358,"comment_status":"open","ping_status":"open","sticky":false,"template":"","format":"standard","meta":{"_monsterinsights_skip_tracking":false,"_monsterinsights_sitenote_active":false,"_monsterinsights_sitenote_note":"","_monsterinsights_sitenote_category":0,"_uf_show_specific_survey":0,"_uf_disable_surveys":false,"footnotes":""},"categories":[8,1,14],"tags":[],"class_list":["post-16535","post","type-post","status-publish","format-standard","has-post-thumbnail","hentry","category-agro","category-news","category-politica-agro"],"_links":{"self":[{"href":"https:\/\/agromt.news\/index.php?rest_route=\/wp\/v2\/posts\/16535"}],"collection":[{"href":"https:\/\/agromt.news\/index.php?rest_route=\/wp\/v2\/posts"}],"about":[{"href":"https:\/\/agromt.news\/index.php?rest_route=\/wp\/v2\/types\/post"}],"author":[{"embeddable":true,"href":"https:\/\/agromt.news\/index.php?rest_route=\/wp\/v2\/users\/1"}],"replies":[{"embeddable":true,"href":"https:\/\/agromt.news\/index.php?rest_route=%2Fwp%2Fv2%2Fcomments&post=16535"}],"version-history":[{"count":0,"href":"https:\/\/agromt.news\/index.php?rest_route=\/wp\/v2\/posts\/16535\/revisions"}],"wp:featuredmedia":[{"embeddable":true,"href":"https:\/\/agromt.news\/index.php?rest_route=\/wp\/v2\/media\/4358"}],"wp:attachment":[{"href":"https:\/\/agromt.news\/index.php?rest_route=%2Fwp%2Fv2%2Fmedia&parent=16535"}],"wp:term":[{"taxonomy":"category","embeddable":true,"href":"https:\/\/agromt.news\/index.php?rest_route=%2Fwp%2Fv2%2Fcategories&post=16535"},{"taxonomy":"post_tag","embeddable":true,"href":"https:\/\/agromt.news\/index.php?rest_route=%2Fwp%2Fv2%2Ftags&post=16535"}],"curies":[{"name":"wp","href":"https:\/\/api.w.org\/{rel}","templated":true}]}}