{"id":16532,"date":"2025-07-10T18:20:30","date_gmt":"2025-07-10T22:20:30","guid":{"rendered":"https:\/\/agromt.news\/?p=16532"},"modified":"2025-07-10T18:20:30","modified_gmt":"2025-07-10T22:20:30","slug":"campanha-que-atribui-leite-a-doencas-gastroentestinais-e-repudiada-pelo-setor","status":"publish","type":"post","link":"https:\/\/agromt.news\/?p=16532","title":{"rendered":"Campanha que atribui leite a doen\u00e7as gastroentestinais \u00e9 repudiada pelo setor"},"content":{"rendered":"<p> <br \/>\n<br \/><img decoding=\"async\" src=\"https:\/\/agromt.news\/wp-content\/uploads\/2025\/07\/Campanha-que-atribui-leite-a-doencas-gastroentestinais-e-repudiada-pelo.jpg\" \/><\/p>\n<div>\n<p>Cinco entidades do setor de latic\u00ednios, incluindo a Associa\u00e7\u00e3o Brasileira dos Produtores de Leite (Abraleite), repudiaram a mais recente campanha publicit\u00e1ria da empresa chilena NotCo, especializada em bebidas vegetais.<\/p>\n<p>Nas pe\u00e7as, a empresa associa a ingest\u00e3o de leite de vaca a doen\u00e7as gastroentestinais. Para ilustrar a propaganda, a companhia faz uso de adultos vestindo fantasias de animais mam\u00edferos, remetendo aos ic\u00f4nicos comerciais da Parmalat na d\u00e9cada de 1990 que traziam crian\u00e7as tomando leite.   <\/p>\n<p>\u201cO leite \u00e9 um alimento de origem animal rico em vitaminas, c\u00e1lcio e de alto valor biol\u00f3gico. \u00c9 uma fonte de prote\u00edna de custo acess\u00edvel a milhares de fam\u00edlias brasileiras, integrando a dieta de diferentes faixas et\u00e1rias e classes sociais\u201d, diz a nota. <\/p>\n<p>Conforme as entidades, a produ\u00e7\u00e3o da bebida envolve mais de 1 milh\u00e3o de produtores no pa\u00eds, respons\u00e1veis por um rebanho de 15,6 milh\u00f5es de vacas que rendem 35 bilh\u00f5es de litros ao ano, gerando renda em todas as regi\u00f5es do Brasil. \u201cAlimento de alto valor nutricional, o leite \u00e9 recomendado pela Organiza\u00e7\u00e3o Mundial da Sa\u00fade e pelo Minist\u00e9rio da Sa\u00fade como alternativa indispens\u00e1vel para uma dieta saud\u00e1vel e devido desenvolvimento humano.\u201d<\/p>\n<p>Para as entidades, a campanha veiculada pela empresa NotCo e assinada pela ag\u00eancia David representa um desservi\u00e7o ao associar o leite a doen\u00e7as gastrointestinais de forma generalista, sem embasamento cient\u00edfico e compromisso com a verdade. <\/p>\n<\/div>\n<div>\n<p>\u201cAs pe\u00e7as se apropriam de s\u00edmbolos da mem\u00f3ria afetiva do povo brasileiro na tentativa de desacreditar o produto leite sem compromisso com a sociedade, tampouco com a sa\u00fade p\u00fablica. Valendo-se de uma linguagem totalmente inapropriada e jocosa, a NotCO incita medo e desinforma\u00e7\u00e3o\u201d, continua a nota.<\/p>\n<p>A posi\u00e7\u00e3o do setor l\u00e1cteo foi referendada na \u00faltima sexta-feira (4) pelo Conselho Nacional Autorregulamenta\u00e7\u00e3o Publicit\u00e1ria (Conar), que recomendou a retirada das pe\u00e7as de circula\u00e7\u00e3o.<\/p>\n<p>Com isso, as entidades exigiram a imediata interrup\u00e7\u00e3o da distribui\u00e7\u00e3o do conte\u00fado por parte das plataformas de servi\u00e7os digitais, obedecendo a orienta\u00e7\u00e3o de coibi\u00e7\u00e3o de <em>fake news<\/em>. <\/p>\n<p>\u201cTamb\u00e9m se demanda provid\u00eancias frente aos danos sofridos pelo setor produtivo. Entende-se que o ataque atinge n\u00e3o apenas \u00e0 empresa diretamente associada \u00e0 campanha Mam\u00edferos, mas a todos os consumidores, produtores e empresas que trabalham com leite no pa\u00eds\u201d, conclui o texto.<\/p>\n<p>Al\u00e9m da Abraleite, a nota \u00e9 assinada pela Associa\u00e7\u00e3o Brasileira de Latic\u00ednios (Viva L\u00e1cteos), Associa\u00e7\u00e3o Brasileira das Pequenas e M\u00e9dias Cooperativas e Empresas de Latic\u00ednios (G-100), Associa\u00e7\u00e3o Brasileira das Ind\u00fastrias de Queijo (ABIQ) e Associa\u00e7\u00e3o Brasileira de Leite Longa Vida (ABLV).<\/p>\n<p>At\u00e9 a publica\u00e7\u00e3o desta reportagem, a campanha da NotCo continuava no ar no YouTube.<\/p>\n<\/p><\/div>\n<p><br \/>\n<br \/><a href=\"https:\/\/www.canalrural.com.br\/diversos\/campanha-que-atribui-leite-a-doencas-gastroentestinais-e-repudiada-pelo-setor\/\">Source link <\/a><\/p>\n","protected":false},"excerpt":{"rendered":"<p>Cinco entidades do setor de latic\u00ednios, incluindo a Associa\u00e7\u00e3o Brasileira dos Produtores de Leite (Abraleite), repudiaram a mais recente campanha<\/p>\n","protected":false},"author":1,"featured_media":16533,"comment_status":"open","ping_status":"open","sticky":false,"template":"","format":"standard","meta":{"_monsterinsights_skip_tracking":false,"_monsterinsights_sitenote_active":false,"_monsterinsights_sitenote_note":"","_monsterinsights_sitenote_category":0,"_uf_show_specific_survey":0,"_uf_disable_surveys":false,"footnotes":""},"categories":[1],"tags":[],"class_list":["post-16532","post","type-post","status-publish","format-standard","has-post-thumbnail","hentry","category-news"],"_links":{"self":[{"href":"https:\/\/agromt.news\/index.php?rest_route=\/wp\/v2\/posts\/16532"}],"collection":[{"href":"https:\/\/agromt.news\/index.php?rest_route=\/wp\/v2\/posts"}],"about":[{"href":"https:\/\/agromt.news\/index.php?rest_route=\/wp\/v2\/types\/post"}],"author":[{"embeddable":true,"href":"https:\/\/agromt.news\/index.php?rest_route=\/wp\/v2\/users\/1"}],"replies":[{"embeddable":true,"href":"https:\/\/agromt.news\/index.php?rest_route=%2Fwp%2Fv2%2Fcomments&post=16532"}],"version-history":[{"count":0,"href":"https:\/\/agromt.news\/index.php?rest_route=\/wp\/v2\/posts\/16532\/revisions"}],"wp:featuredmedia":[{"embeddable":true,"href":"https:\/\/agromt.news\/index.php?rest_route=\/wp\/v2\/media\/16533"}],"wp:attachment":[{"href":"https:\/\/agromt.news\/index.php?rest_route=%2Fwp%2Fv2%2Fmedia&parent=16532"}],"wp:term":[{"taxonomy":"category","embeddable":true,"href":"https:\/\/agromt.news\/index.php?rest_route=%2Fwp%2Fv2%2Fcategories&post=16532"},{"taxonomy":"post_tag","embeddable":true,"href":"https:\/\/agromt.news\/index.php?rest_route=%2Fwp%2Fv2%2Ftags&post=16532"}],"curies":[{"name":"wp","href":"https:\/\/api.w.org\/{rel}","templated":true}]}}