{"id":16529,"date":"2025-07-10T16:58:10","date_gmt":"2025-07-10T20:58:10","guid":{"rendered":"https:\/\/agromt.news\/?p=16529"},"modified":"2025-07-10T16:58:10","modified_gmt":"2025-07-10T20:58:10","slug":"brasil-vai-reforcar-comercio-com-3-regioes-do-globo-para-substituir-eua-diz-favaro","status":"publish","type":"post","link":"https:\/\/agromt.news\/?p=16529","title":{"rendered":"Brasil vai refor\u00e7ar com\u00e9rcio com 3 regi\u00f5es do globo para &#8216;substituir&#8217; EUA, diz F\u00e1varo"},"content":{"rendered":"<p> <br \/>\n<br \/><img decoding=\"async\" src=\"https:\/\/agromt.news\/wp-content\/uploads\/2025\/07\/Selic-a-15-e-inadmissivel-diz-Carlos-Favaro.webp.webp\" \/><\/p>\n<div>\n<p>O ministro da Agricultura e Pecu\u00e1ria (Mapa), Carlos F\u00e1varo, se pronunciou em rede social da pasta a respeito da decis\u00e3o do presidente dos Estados Unidos, Donald Trump, em <strong><a href=\"https:\/\/www.canalrural.com.br\/nacional\/trump-anuncia-tarifa-de-50-para-produtos-do-brasil\/\">taxar em 50% as exporta\u00e7\u00f5es brasileiras ao pa\u00eds.<\/a><\/strong><\/p>\n<p>No v\u00eddeo, o titular da pasta chama a medida de \u201ca\u00e7\u00e3o indecente do governo norte-americano\u201d e destaca que o Mapa est\u00e1 agindo de forma proativa em busca de uma solu\u00e7\u00e3o.<\/p>\n<figure class=\"wp-block-embed is-type-rich is-provider-instagram wp-block-embed-instagram\">\n<p><iframe title=\"Instagram frame\" loading=\"lazy\" height=\"628\" class=\"instagram-embed-iframe\" src=\"https:\/\/www.instagram.com\/p\/DL8EjAxvabS\/embed\/\" allowtransparency=\"true\" frameborder=\"0\" scrolling=\"no\" onload=\"(function(o){window.instagramIframe = window.instagramIframe || []; window.instagramIframe.push(o);})(this)\" style=\"border: 0px; margin: 0 auto; max-width: 658px; width: calc(100% - 2px); border-radius: 4px; box-shadow: rgba(0, 0, 0, 0.498039) 0px 0px 1px 0px, rgba(0, 0, 0, 0.14902) 0px 1px 10px 0px; display: block; padding: 0px; background: rgb(255, 255, 255);\"><\/iframe><\/p>\n<\/figure>\n<p>\u201cTelefonei para as principais entidades representativas dos setores mais afetados, o setor de suco de laranja, o setor de carne bovina e o setor de caf\u00e9, para que possamos, juntos, ampliar as a\u00e7\u00f5es que j\u00e1 estamos realizando nos dois anos e meio do governo do presidente Lula: em ampliar mercados, reduzir barreiras comerciais e dar oportunidade de crescimento para a agropecu\u00e1ria brasileira\u201d, ressaltou.<\/p>\n<\/div>\n<div>\n<p>F\u00e1varo destaca que refor\u00e7ar\u00e1 a\u00e7\u00f5es de abertura de mercados, buscando os centros mais importantes do Oriente M\u00e9dio, do Sul Asi\u00e1tico e do Sul Global, que t\u00eam grande potencial consumidor e podem ser uma alternativa para as exporta\u00e7\u00f5es brasileiras. <\/p>\n<p>\u201cAs a\u00e7\u00f5es diplom\u00e1ticas do Brasil est\u00e3o sendo tomadas em reciprocidade. As a\u00e7\u00f5es proativas acontecer\u00e3o aqui no Minist\u00e9rio da Agricultura e Pecu\u00e1ria (Mapa), para minimizar os impactos. Aqui \u00e9 a casa da agropecu\u00e1ria brasileira. Estamos juntos e vamos superar este momento dif\u00edcil\u201d, finaliza o ministro.<\/p>\n<p>Ainda nesta quinta-feira, o Itamaraty <strong><a href=\"https:\/\/www.canalrural.com.br\/politica\/itamaraty-responde-trump-brasil-e-pais-soberano-e-nao-aceitara-ser-tutelado-por-ninguem\/\">divulgou nota com o posicionamento do presidente Luiz In\u00e1cio Lula da Silva<\/a><\/strong>. No texto, h\u00e1 o refor\u00e7o de que o Brasil \u00e9 um pa\u00eds soberano com institui\u00e7\u00f5es independentes que n\u00e3o aceitar\u00e1 ser tutelado por ningu\u00e9m.<\/p>\n<\/p><\/div>\n<p><script async src=\"\/\/www.instagram.com\/embed.js\"><\/script><br \/>\n<br \/><br \/>\n<br \/><a href=\"https:\/\/www.canalrural.com.br\/agricultura\/brasil-vai-reforcar-comercio-com-3-regioes-do-globo-para-substituir-eua-diz-favaro\/\">Source link <\/a><\/p>\n","protected":false},"excerpt":{"rendered":"<p>O ministro da Agricultura e Pecu\u00e1ria (Mapa), Carlos F\u00e1varo, se pronunciou em rede social da pasta a respeito da decis\u00e3o<\/p>\n","protected":false},"author":1,"featured_media":16110,"comment_status":"open","ping_status":"open","sticky":false,"template":"","format":"standard","meta":{"_monsterinsights_skip_tracking":false,"_monsterinsights_sitenote_active":false,"_monsterinsights_sitenote_note":"","_monsterinsights_sitenote_category":0,"_uf_show_specific_survey":0,"_uf_disable_surveys":false,"footnotes":""},"categories":[1],"tags":[],"class_list":["post-16529","post","type-post","status-publish","format-standard","has-post-thumbnail","hentry","category-news"],"_links":{"self":[{"href":"https:\/\/agromt.news\/index.php?rest_route=\/wp\/v2\/posts\/16529"}],"collection":[{"href":"https:\/\/agromt.news\/index.php?rest_route=\/wp\/v2\/posts"}],"about":[{"href":"https:\/\/agromt.news\/index.php?rest_route=\/wp\/v2\/types\/post"}],"author":[{"embeddable":true,"href":"https:\/\/agromt.news\/index.php?rest_route=\/wp\/v2\/users\/1"}],"replies":[{"embeddable":true,"href":"https:\/\/agromt.news\/index.php?rest_route=%2Fwp%2Fv2%2Fcomments&post=16529"}],"version-history":[{"count":0,"href":"https:\/\/agromt.news\/index.php?rest_route=\/wp\/v2\/posts\/16529\/revisions"}],"wp:featuredmedia":[{"embeddable":true,"href":"https:\/\/agromt.news\/index.php?rest_route=\/wp\/v2\/media\/16110"}],"wp:attachment":[{"href":"https:\/\/agromt.news\/index.php?rest_route=%2Fwp%2Fv2%2Fmedia&parent=16529"}],"wp:term":[{"taxonomy":"category","embeddable":true,"href":"https:\/\/agromt.news\/index.php?rest_route=%2Fwp%2Fv2%2Fcategories&post=16529"},{"taxonomy":"post_tag","embeddable":true,"href":"https:\/\/agromt.news\/index.php?rest_route=%2Fwp%2Fv2%2Ftags&post=16529"}],"curies":[{"name":"wp","href":"https:\/\/api.w.org\/{rel}","templated":true}]}}