{"id":16518,"date":"2025-07-10T15:20:09","date_gmt":"2025-07-10T19:20:09","guid":{"rendered":"https:\/\/agromt.news\/?p=16518"},"modified":"2025-07-10T15:20:09","modified_gmt":"2025-07-10T19:20:09","slug":"vai-ter-horario-de-verao-em-2025-saiba-mais","status":"publish","type":"post","link":"https:\/\/agromt.news\/?p=16518","title":{"rendered":"Vai ter hor\u00e1rio de ver\u00e3o em 2025? Saiba mais"},"content":{"rendered":"<p> <br \/>\n<br \/><img decoding=\"async\" src=\"https:\/\/agromt.news\/wp-content\/uploads\/2024\/09\/Quando-comeca-o-horario-de-verao-em-2024.jpg\" \/><\/p>\n<div>\n<p>A implementa\u00e7\u00e3o do hor\u00e1rio de ver\u00e3o volta ser discutida no Brasil. Isso est\u00e1 ocorrendo por conta da preocupa\u00e7\u00e3o do Operador Nacional do Sistema El\u00e9trico <strong><a href=\"http:\/\/www.canalrural.com.br\/tag\/ons\/\">(ONS)<\/a><\/strong> com o atendimento da ponta de consumo de energia el\u00e9trica no pa\u00eds, que se agravou no Plano de Opera\u00e7\u00e3o Energ\u00e9tica (PEN) para o per\u00edodo de 2025-2029, de acordo com o diretor de Planejamento do ONS, Alexandre Zucarato.<\/p>\n<p>Segundo ele, \u00e9 poss\u00edvel que este ano seja recomendado ao governo o uso do hor\u00e1rio de ver\u00e3o para obter pelo menos mais 2 gigawatts (GW) de refor\u00e7o no Sistema Interligado Nacional (SIN). A decis\u00e3o precisa ser tomada em agosto, j\u00e1 que a medida requer tr\u00eas meses de anteced\u00eancia para ser implantada.<\/p>\n<p>\u201cO PEN olha se a quantidade de gera\u00e7\u00e3o dispon\u00edvel, no sentido amplo, se os recursos que temos atendem o consumo do Brasil. O PEN 2025-2029 confirmou o diagn\u00f3stico do ano passado e mostrou agravamento do d\u00e9ficit de pot\u00eancia\u201d, disse Zucarato. \u201cEventualmente, podemos recomendar hor\u00e1rio de ver\u00e3o como imprescind\u00edvel\u201d.<\/p>\n<p>Segundo ele, como este ano n\u00e3o houve leil\u00e3o, \u201capesar da recomenda\u00e7\u00e3o feita desde 2021 para que fossem realizados leil\u00f5es anuais\u201d, al\u00e9m das medidas j\u00e1 tomadas \u2013 como a antecipa\u00e7\u00e3o da entrada de projetos do Leil\u00e3o de Reserva de Capacidade (LRCAP) de 2021 e maior uso de t\u00e9rmicas -, o ONS poder\u00e1 tamb\u00e9m importar 2,5 GW de energia de pa\u00edses vizinhos.<\/p>\n<\/div>\n<div>\n<p>\u201cO que a gente observa, e isso \u00e9 um repeteco das conclus\u00f5es que n\u00f3s chegamos j\u00e1 desde o PEN de 2021, \u00e9 que a gente est\u00e1 observando que o sistema est\u00e1 sobreofertado de energia, mas em 2021 a gente enxergava no final do horizonte a viola\u00e7\u00e3o do crit\u00e9rio de pot\u00eancia. Mas, enfim, o futuro chegou. Aquilo que era final do horizonte virou o in\u00edcio do horizonte\u201d, destacou o diretor.<\/p>\n<p>Outra medida adotada para evitar problemas no SIN, a resposta da demanda para o atendimento da ponta (de consumo), ter\u00e1 seu volume conhecido no pr\u00f3ximo dia 16 de julho, quando ser\u00e3o contratadas as redu\u00e7\u00f5es de carga de grandes consumidores. No ano passado, esse instrumento gerou apenas 100 megawatts (MW) de economia. \u201cO consumidor oferta a redu\u00e7\u00e3o do seu consumo em determinados hor\u00e1rios do dia mediante o pagamento de uma compensa\u00e7\u00e3o\u201d, explicou.<\/p>\n<p>Zucarato destacou que a gera\u00e7\u00e3o de energia realmente cresceu no Pa\u00eds, mas puxada pela energia solar, que, naturalmente, n\u00e3o produz \u00e0 noite e n\u00e3o garante pot\u00eancia. \u201cA MMGD (mini e microgera\u00e7\u00e3o distribu\u00edda solar) no PEN 2025-29 sai de 35 GW para 64 GW. A solar centralizada de 16,5 GW para 24 GW e a e\u00f3lica de 32,5 GW para 36 GW\u201d, informou.<\/p>\n<p>\u201cEnt\u00e3o, basicamente, isso explica todo esse crescimento de 232 GW para 268 GW no SIN entre 2025 e 2029, s\u00e3o quase 40 GW de solar, que n\u00e3o atende a ponta noturna\u201d, ressaltou. \u201cE \u00e9 a\u00ed que a gente enxerga que o crit\u00e9rio de atendimento da ponta, que j\u00e1 n\u00e3o estava atendido, fica menos atendido ainda. Ou seja, esse d\u00e9ficit estrutural se aprofunda\u201d, afirmou.<\/p>\n<p>Para Zucarato, se as chuvas atrasarem novamente este ano, os meses mais cr\u00edticos ser\u00e3o outubro e novembro, e a solu\u00e7\u00e3o ser\u00e1 realizar o leil\u00e3o de reserva de capacidade (LRCAP) o mais r\u00e1pido poss\u00edvel em 2026. \u201cO principal recado do PEN \u00e9, repetindo o que a gente viu no ano passado, a gente n\u00e3o est\u00e1 atendendo os crit\u00e9rios de pot\u00eancia e a situa\u00e7\u00e3o se agravou pelo aumento da demanda prevista. Ent\u00e3o isso significa que para 2025 j\u00e1 n\u00e3o tem mais o que fazer porque n\u00e3o d\u00e1 mais tempo de se fazer nenhum leil\u00e3o para contratar pot\u00eancia para 2025. A pr\u00f3xima janela de necessidade vista no escuro \u00e9 o ano que vem\u201d, explicou.<\/p>\n<\/p><\/div>\n<p><br \/>\n<br \/><a href=\"https:\/\/www.canalrural.com.br\/economia\/vai-ter-horario-de-verao-em-2025-saiba-mais\/\">Source link <\/a><\/p>\n","protected":false},"excerpt":{"rendered":"<p>A implementa\u00e7\u00e3o do hor\u00e1rio de ver\u00e3o volta ser discutida no Brasil. Isso est\u00e1 ocorrendo por conta da preocupa\u00e7\u00e3o do Operador<\/p>\n","protected":false},"author":1,"featured_media":2058,"comment_status":"open","ping_status":"open","sticky":false,"template":"","format":"standard","meta":{"_monsterinsights_skip_tracking":false,"_monsterinsights_sitenote_active":false,"_monsterinsights_sitenote_note":"","_monsterinsights_sitenote_category":0,"_uf_show_specific_survey":0,"_uf_disable_surveys":false,"footnotes":""},"categories":[1],"tags":[],"class_list":["post-16518","post","type-post","status-publish","format-standard","has-post-thumbnail","hentry","category-news"],"_links":{"self":[{"href":"https:\/\/agromt.news\/index.php?rest_route=\/wp\/v2\/posts\/16518"}],"collection":[{"href":"https:\/\/agromt.news\/index.php?rest_route=\/wp\/v2\/posts"}],"about":[{"href":"https:\/\/agromt.news\/index.php?rest_route=\/wp\/v2\/types\/post"}],"author":[{"embeddable":true,"href":"https:\/\/agromt.news\/index.php?rest_route=\/wp\/v2\/users\/1"}],"replies":[{"embeddable":true,"href":"https:\/\/agromt.news\/index.php?rest_route=%2Fwp%2Fv2%2Fcomments&post=16518"}],"version-history":[{"count":0,"href":"https:\/\/agromt.news\/index.php?rest_route=\/wp\/v2\/posts\/16518\/revisions"}],"wp:featuredmedia":[{"embeddable":true,"href":"https:\/\/agromt.news\/index.php?rest_route=\/wp\/v2\/media\/2058"}],"wp:attachment":[{"href":"https:\/\/agromt.news\/index.php?rest_route=%2Fwp%2Fv2%2Fmedia&parent=16518"}],"wp:term":[{"taxonomy":"category","embeddable":true,"href":"https:\/\/agromt.news\/index.php?rest_route=%2Fwp%2Fv2%2Fcategories&post=16518"},{"taxonomy":"post_tag","embeddable":true,"href":"https:\/\/agromt.news\/index.php?rest_route=%2Fwp%2Fv2%2Ftags&post=16518"}],"curies":[{"name":"wp","href":"https:\/\/api.w.org\/{rel}","templated":true}]}}