{"id":16517,"date":"2025-07-10T15:05:46","date_gmt":"2025-07-10T19:05:46","guid":{"rendered":"https:\/\/agromt.news\/?p=16517"},"modified":"2025-07-10T15:05:46","modified_gmt":"2025-07-10T19:05:46","slug":"costa-rica-passara-a-importar-arroz-brasileiro-em-casca-e-polido","status":"publish","type":"post","link":"https:\/\/agromt.news\/?p=16517","title":{"rendered":"Costa Rica passar\u00e1 a importar arroz brasileiro em casca e polido"},"content":{"rendered":"<p> <br \/>\n<br \/><img decoding=\"async\" src=\"https:\/\/agromt.news\/wp-content\/uploads\/2024\/09\/Industria-lanca-primeiro-arroz-rastreado-com-tecnologia-da-Embrapa.jpg\" \/><\/p>\n<div>\n<p>O governo da Costa Rica passar\u00e1 a comprar arroz em casca e arroz polido do Brasil, anunciou nessa quarta-feira (9) o Minist\u00e9rio da Agricultura e Pecu\u00e1ria (Mapa). <\/p>\n<p>\u201cEssas aberturas podem ampliar a presen\u00e7a do arroz brasileiro na Am\u00e9rica Central, regi\u00e3o que depende de importa\u00e7\u00f5es desse cereal para garantir o abastecimento interno\u201d, disse a pasta, em nota.<\/p>\n<\/div>\n<div>\n<p>Com cerca de 5,2 milh\u00f5es de habitantes, a Costa Rica importou mais de US$ 272 milh\u00f5es em produtos agropecu\u00e1rios brasileiros em 2024, com destaque para cereais, farinhas e prepara\u00e7\u00f5es.<\/p>\n<p>Com este an\u00fancio, o agroneg\u00f3cio brasileiro chega pr\u00f3ximo \u00e0 marca de 400 aberturas de mercado desde o in\u00edcio de 2023, com 391. Nos \u00faltimos dias, pa\u00eds recebeu autoriza\u00e7\u00e3o para <strong><a href=\"https:\/\/www.canalrural.com.br\/agricultura\/brasil-passara-a-exportar-castanha-de-baru-a-uniao-europeia\/\">vender castanha de baru \u00e0 Uni\u00e3o Europeia<\/a><\/strong> e <strong><a href=\"https:\/\/www.canalrural.com.br\/diversos\/malasia-autoriza-importacao-de-colageno-bovino-do-brasil\/\">col\u00e1geno bovino \u00e0 Malasia<\/a><\/strong>.<\/p>\n<\/p><\/div>\n<p><br \/>\n<br \/><a href=\"https:\/\/www.canalrural.com.br\/diversos\/costa-rica-passara-a-importar-arroz-brasileiro\/\">Source link <\/a><\/p>\n","protected":false},"excerpt":{"rendered":"<p>O governo da Costa Rica passar\u00e1 a comprar arroz em casca e arroz polido do Brasil, anunciou nessa quarta-feira (9)<\/p>\n","protected":false},"author":1,"featured_media":1015,"comment_status":"open","ping_status":"open","sticky":false,"template":"","format":"standard","meta":{"_monsterinsights_skip_tracking":false,"_monsterinsights_sitenote_active":false,"_monsterinsights_sitenote_note":"","_monsterinsights_sitenote_category":0,"_uf_show_specific_survey":0,"_uf_disable_surveys":false,"footnotes":""},"categories":[1],"tags":[],"class_list":["post-16517","post","type-post","status-publish","format-standard","has-post-thumbnail","hentry","category-news"],"_links":{"self":[{"href":"https:\/\/agromt.news\/index.php?rest_route=\/wp\/v2\/posts\/16517"}],"collection":[{"href":"https:\/\/agromt.news\/index.php?rest_route=\/wp\/v2\/posts"}],"about":[{"href":"https:\/\/agromt.news\/index.php?rest_route=\/wp\/v2\/types\/post"}],"author":[{"embeddable":true,"href":"https:\/\/agromt.news\/index.php?rest_route=\/wp\/v2\/users\/1"}],"replies":[{"embeddable":true,"href":"https:\/\/agromt.news\/index.php?rest_route=%2Fwp%2Fv2%2Fcomments&post=16517"}],"version-history":[{"count":0,"href":"https:\/\/agromt.news\/index.php?rest_route=\/wp\/v2\/posts\/16517\/revisions"}],"wp:featuredmedia":[{"embeddable":true,"href":"https:\/\/agromt.news\/index.php?rest_route=\/wp\/v2\/media\/1015"}],"wp:attachment":[{"href":"https:\/\/agromt.news\/index.php?rest_route=%2Fwp%2Fv2%2Fmedia&parent=16517"}],"wp:term":[{"taxonomy":"category","embeddable":true,"href":"https:\/\/agromt.news\/index.php?rest_route=%2Fwp%2Fv2%2Fcategories&post=16517"},{"taxonomy":"post_tag","embeddable":true,"href":"https:\/\/agromt.news\/index.php?rest_route=%2Fwp%2Fv2%2Ftags&post=16517"}],"curies":[{"name":"wp","href":"https:\/\/api.w.org\/{rel}","templated":true}]}}