{"id":16516,"date":"2025-07-10T14:51:58","date_gmt":"2025-07-10T18:51:58","guid":{"rendered":"https:\/\/agromt.news\/?p=16516"},"modified":"2025-07-10T14:51:58","modified_gmt":"2025-07-10T18:51:58","slug":"lula-define-tres-frentes-de-reacao-a-tarifaco-de-trump-2","status":"publish","type":"post","link":"https:\/\/agromt.news\/?p=16516","title":{"rendered":"Lula define tr\u00eas frentes de rea\u00e7\u00e3o a tarifa\u00e7o de Trump"},"content":{"rendered":"<p> <br \/>\n<br \/><img decoding=\"async\" src=\"https:\/\/agromt.news\/wp-content\/uploads\/2025\/07\/Lula-define-tres-frentes-de-reacao-a-tarifaco-de-Trump.webp.webp\" \/><\/p>\n<div>\n<p>Apesar de ter divulgado uma mensagem dizendo que pretende <a href=\"https:\/\/www.canalrural.com.br\/economia\/brasil-respondera-tarifaco-de-trump-com-lei-de-reciprocidade-diz-lula\/\">responder ao tarifa\u00e7o de Trump utilizando a Lei da Reciprocidade<\/a>, o presidente Lula planeja reagir de outras formas em rela\u00e7\u00e3o \u00e0 medida do governo dos EUA. De acordo com informa\u00e7\u00f5es do jornalista Igor Gadelha, do portal Metrop\u00f3les, o presidente definiu tr\u00eas frentes de rea\u00e7\u00e3o a taxa\u00e7\u00e3o imposta por Trump.<\/p>\n<p>A primeira delas \u00e9 se reunir com os setores da economia brasileira que ser\u00e3o mais afetados pelo aumento de taxas. Com essa medida o governo que ser aproximar de setores, como o agroneg\u00f3cio. Outra rea\u00e7\u00e3o \u00e9 escalar os ministros Fernando Haddad (Fazenda) e Mauro Vieira (Itamaraty), al\u00e9m do vice-presidente Geraldo Alckmin, que \u00e9 ministro da Ind\u00fastria e Com\u00e9rcio Exterior, para negociarem com o governo Trump.<\/p>\n<\/div>\n<div>\n<p><iframe title=\"Decis\u00e3o de Trump de taxar Brasil em 50% tem outros interesses, afirma Daoud\" width=\"800\" height=\"450\" src=\"https:\/\/www.youtube.com\/embed\/8VlY9SmsHwA?feature=oembed\" frameborder=\"0\" allow=\"accelerometer; autoplay; clipboard-write; encrypted-media; gyroscope; picture-in-picture; web-share\" referrerpolicy=\"strict-origin-when-cross-origin\" allowfullscreen><\/iframe><noscript><iframe title=\"Decis\u00e3o de Trump de taxar Brasil em 50% tem outros interesses, afirma Daoud\" width=\"800\" height=\"450\" src=\"https:\/\/www.youtube.com\/embed\/8VlY9SmsHwA?feature=oembed\" frameborder=\"0\" allow=\"accelerometer; autoplay; clipboard-write; encrypted-media; gyroscope; picture-in-picture; web-share\" referrerpolicy=\"strict-origin-when-cross-origin\" allowfullscreen><\/iframe><\/noscript><\/p>\n<p>No entanto, h\u00e1 integrantes do governo que defendem acionar a Organiza\u00e7\u00e3o Mundial do Com\u00e9rcio (OMC) contra a tarifa imposta por Trump. O argumento seria que o tarifa\u00e7o n\u00e3o teve motiva\u00e7\u00e3o t\u00e9cnica e fere o princ\u00edpio da concorr\u00eancia igualit\u00e1ria.<\/p>\n<p>J\u00e1 a terceira frente de rea\u00e7\u00e3o \u00e9 no campo da pol\u00edtica. A estrat\u00e9gia do Planalto \u00e9 explorar o epis\u00f3dio politicamente, jogando a culpa da tarifa de 50% imposta por Trump ao Brasil no ex-presidente Jair Bolsonaro (PL) e em seus aliados.<\/p>\n<\/p><\/div>\n<p><br \/>\n<br \/><a href=\"https:\/\/www.canalrural.com.br\/economia\/lula-define-tres-frentes-de-reacao-a-tarifaco-de-trump\/\">Source link <\/a><\/p>\n","protected":false},"excerpt":{"rendered":"<p>Apesar de ter divulgado uma mensagem dizendo que pretende responder ao tarifa\u00e7o de Trump utilizando a Lei da Reciprocidade, o<\/p>\n","protected":false},"author":1,"featured_media":16510,"comment_status":"open","ping_status":"open","sticky":false,"template":"","format":"standard","meta":{"_monsterinsights_skip_tracking":false,"_monsterinsights_sitenote_active":false,"_monsterinsights_sitenote_note":"","_monsterinsights_sitenote_category":0,"_uf_show_specific_survey":0,"_uf_disable_surveys":false,"footnotes":""},"categories":[1],"tags":[],"class_list":["post-16516","post","type-post","status-publish","format-standard","has-post-thumbnail","hentry","category-news"],"_links":{"self":[{"href":"https:\/\/agromt.news\/index.php?rest_route=\/wp\/v2\/posts\/16516"}],"collection":[{"href":"https:\/\/agromt.news\/index.php?rest_route=\/wp\/v2\/posts"}],"about":[{"href":"https:\/\/agromt.news\/index.php?rest_route=\/wp\/v2\/types\/post"}],"author":[{"embeddable":true,"href":"https:\/\/agromt.news\/index.php?rest_route=\/wp\/v2\/users\/1"}],"replies":[{"embeddable":true,"href":"https:\/\/agromt.news\/index.php?rest_route=%2Fwp%2Fv2%2Fcomments&post=16516"}],"version-history":[{"count":0,"href":"https:\/\/agromt.news\/index.php?rest_route=\/wp\/v2\/posts\/16516\/revisions"}],"wp:featuredmedia":[{"embeddable":true,"href":"https:\/\/agromt.news\/index.php?rest_route=\/wp\/v2\/media\/16510"}],"wp:attachment":[{"href":"https:\/\/agromt.news\/index.php?rest_route=%2Fwp%2Fv2%2Fmedia&parent=16516"}],"wp:term":[{"taxonomy":"category","embeddable":true,"href":"https:\/\/agromt.news\/index.php?rest_route=%2Fwp%2Fv2%2Fcategories&post=16516"},{"taxonomy":"post_tag","embeddable":true,"href":"https:\/\/agromt.news\/index.php?rest_route=%2Fwp%2Fv2%2Ftags&post=16516"}],"curies":[{"name":"wp","href":"https:\/\/api.w.org\/{rel}","templated":true}]}}