{"id":16515,"date":"2025-07-10T14:49:19","date_gmt":"2025-07-10T18:49:19","guid":{"rendered":"https:\/\/agromt.news\/?p=16515"},"modified":"2025-07-10T14:49:19","modified_gmt":"2025-07-10T18:49:19","slug":"colheita-no-brasil-pressiona-mercado-e-precos-caem","status":"publish","type":"post","link":"https:\/\/agromt.news\/?p=16515","title":{"rendered":"Colheita no Brasil pressiona mercado e pre\u00e7os caem"},"content":{"rendered":"<p> <br \/>\n<\/p>\n<div>\n<div class=\"row\">\n<div class=\"col-lg col-infos mt-0 mt-lg-0\">\n<div class=\"section-sub-title\">\n<p itemprop=\"description\">&#13;<br \/>\n                                Tanto o caf\u00e9 robusta quanto o ar\u00e1bica v\u00eam registrando desvaloriza\u00e7\u00f5es&#13;\n                            <\/p>\n<\/p><\/div>\n<div class=\"container\">\n<div class=\"row\">\n<div class=\"col-lg p-0\">\n<div>\n<div class=\"block-news-main-infos mt-3 text-start\">\n<p>                                            <strong class=\"fn\" itemprop=\"author\" style=\"color: rgb(112, 112, 112); \">&#13;<br \/>\n                                                <a href=\"https:\/\/www.agrolink.com.br\/noticias\/javascript:;\" class=\"text-uppercase\" target=\"_blank\" style=\"color: rgb(112, 112, 112); \" rel=\"noopener\">Agrolink<\/a>&#13;<br \/>\n&#13;<br \/>\n                                                    &#8211; Aline Merladete&#13;<br \/>\n&#13;<br \/>\n                                            <\/strong><br \/>\n                                        <\/p>\n<p>                                            <abbr><time datetime=\"2025-07-09T10:44\" itemprop=\"datePublished dateModified\">Publicado em 09\/07\/2025 \u00e0s 10:44h.<\/time><\/abbr><br \/>\n                                            <\/p><\/div>\n<\/p><\/div>\n<\/p><\/div>\n<div class=\"col-lg p-0 text-lg-end\">\n<div>\n<div id=\"mdEnviarPagina\" class=\"modal fade\" role=\"dialog\">\n<div class=\"modal-dialog\">\n<div class=\"modal-content\">\n<div class=\"modal-body\">\n<p><strong>Estimado usu\u00e1rio.<\/strong><br \/>Preencha o formul\u00e1rio abaixo para remeter a p\u00e1gina.<\/p>\n<\/p><\/div>\n<\/p><\/div>\n<\/p><\/div>\n<\/div><\/div>\n<\/p><\/div>\n<\/p><\/div>\n<\/p><\/div>\n<\/p><\/div>\n<\/p><\/div>\n<div class=\"row justify-content-md-center mt-3\">\n<div class=\"col-lg-auto col-image block-news-main-image\">\n<p>                                <img decoding=\"async\" src=\"https:\/\/www.agrolink.com.br\/upload\/imagens-resizes\/ce7b2285a4344528ad5b6d0adc46eeee_858x483.jpg\" class=\"lazyload img-fluid\"\/><br \/>\n                                                <span class=\"publicity-photo d-block mt-1\">Foto: Pixabay<\/span><\/p><\/div>\n<\/p><\/div>\n<div class=\"section-description section-description-noticias mt-3\">\n<p style=\"text-align:justify\">Os pre\u00e7os do <a href=\"https:\/\/www.agrolink.com.br\/culturas\/cafe\/?utm_source=agrolink-detalhe-noticia&amp;utm_medium=detalhe-noticia&amp;utm_campaign=links-internos\" target=\"_blank\" rel=\"noopener\">caf\u00e9<\/a> no mercado brasileiro seguem em queda acentuada, refletindo a intensifica\u00e7\u00e3o da colheita nacional e a amplia\u00e7\u00e3o da oferta dispon\u00edvel. Tanto o caf\u00e9 robusta quanto o ar\u00e1bica v\u00eam registrando desvaloriza\u00e7\u00f5es expressivas, mesmo diante de um cen\u00e1rio de estoques globais ainda limitados.&#13;\n<\/p>\n<p style=\"text-align:justify\">Segundo dados do Cepea (Centro de Estudos Avan\u00e7ados em Economia Aplicada), desde o pico hist\u00f3rico alcan\u00e7ado em 23 de janeiro de 2025, o Indicador CEPEA\/ESALQ do caf\u00e9 robusta tipo 6, peneira 13 acima, a retirar no Esp\u00edrito Santo, acumulou queda de R$ 1.035,35 por saca de 60 kg \u2014 o equivalente a 49,3% de desvaloriza\u00e7\u00e3o. J\u00e1 o ar\u00e1bica tipo 6, bebida dura para melhor, posto em S\u00e3o Paulo, perdeu R$ 1.008,36 por saca desde o recorde de R$ 2.769,45 registrado em 12 de fevereiro, uma redu\u00e7\u00e3o de 37,5%.<\/p>\n<p style=\"text-align:justify\">De acordo com os pesquisadores do Cepea, o avan\u00e7o consistente da colheita no Brasil tem sido o principal fator de press\u00e3o sobre os pre\u00e7os. Com maior volume dispon\u00edvel no mercado f\u00edsico, as cota\u00e7\u00f5es n\u00e3o resistem, mesmo com a persist\u00eancia de estoques enxutos tanto no Brasil quanto no exterior.&#13;\n<\/p>\n<p style=\"text-align:justify\">As condi\u00e7\u00f5es clim\u00e1ticas favor\u00e1veis t\u00eam contribu\u00eddo para o bom andamento dos trabalhos de campo, o que eleva a expectativa de uma safra robusta em 2025. No caso do caf\u00e9 robusta, a colheita j\u00e1 se aproxima do fim em v\u00e1rias regi\u00f5es produtoras, o que refor\u00e7a o impacto imediato no mercado spot.\u00a0<\/p>\n<p style=\"text-align:justify\">O comportamento dos pre\u00e7os em meio a estoques limitados revela a forte influ\u00eancia da oferta pontual nas negocia\u00e7\u00f5es. O mercado, que at\u00e9 o in\u00edcio do ano operava em patamares recordes, agora lida com uma realidade de retra\u00e7\u00e3o acelerada e cautela por parte dos produtores.&#13;\n<\/p>\n<p style=\"text-align:justify\">\u00a0<\/p>\n<\/p><\/div>\n<\/p><\/div>\n<p><script data-cfasync=\"false\">\n    !function (f, b, e, v, n, t, s) {\n        if (f.fbq) return; n = f.fbq = function () {\n            n.callMethod ?\n                n.callMethod.apply(n, arguments) : n.queue.push(arguments)\n        };\n        if (!f._fbq) f._fbq = n; n.push = n; n.loaded = !0; n.version = '2.0';\n        n.queue = []; t = b.createElement(e); t.async = !0;\n        t.src = v; s = b.getElementsByTagName(e)[0];\n        s.parentNode.insertBefore(t, s)\n    }(window, document, 'script',\n        'https:\/\/connect.facebook.net\/en_US\/fbevents.js');\n    fbq('init', '522546078623747');\n    fbq('track', 'PageView');\n<\/script><br \/>\n<br \/><br \/>\n<br \/><a href=\"https:\/\/www.agrolink.com.br\/noticias\/colheita-no-brasil-pressiona-mercado-e-precos-caem_503728.html\">Source link <\/a><\/p>\n","protected":false},"excerpt":{"rendered":"<p>&#13; Tanto o caf\u00e9 robusta quanto o ar\u00e1bica v\u00eam registrando desvaloriza\u00e7\u00f5es&#13; &#13; Agrolink&#13; &#13; &#8211; Aline Merladete&#13; &#13; Publicado em<\/p>\n","protected":false},"author":1,"featured_media":8063,"comment_status":"open","ping_status":"open","sticky":false,"template":"","format":"standard","meta":{"_monsterinsights_skip_tracking":false,"_monsterinsights_sitenote_active":false,"_monsterinsights_sitenote_note":"","_monsterinsights_sitenote_category":0,"_uf_show_specific_survey":0,"_uf_disable_surveys":false,"footnotes":""},"categories":[8,1,14],"tags":[],"class_list":["post-16515","post","type-post","status-publish","format-standard","has-post-thumbnail","hentry","category-agro","category-news","category-politica-agro"],"_links":{"self":[{"href":"https:\/\/agromt.news\/index.php?rest_route=\/wp\/v2\/posts\/16515"}],"collection":[{"href":"https:\/\/agromt.news\/index.php?rest_route=\/wp\/v2\/posts"}],"about":[{"href":"https:\/\/agromt.news\/index.php?rest_route=\/wp\/v2\/types\/post"}],"author":[{"embeddable":true,"href":"https:\/\/agromt.news\/index.php?rest_route=\/wp\/v2\/users\/1"}],"replies":[{"embeddable":true,"href":"https:\/\/agromt.news\/index.php?rest_route=%2Fwp%2Fv2%2Fcomments&post=16515"}],"version-history":[{"count":0,"href":"https:\/\/agromt.news\/index.php?rest_route=\/wp\/v2\/posts\/16515\/revisions"}],"wp:featuredmedia":[{"embeddable":true,"href":"https:\/\/agromt.news\/index.php?rest_route=\/wp\/v2\/media\/8063"}],"wp:attachment":[{"href":"https:\/\/agromt.news\/index.php?rest_route=%2Fwp%2Fv2%2Fmedia&parent=16515"}],"wp:term":[{"taxonomy":"category","embeddable":true,"href":"https:\/\/agromt.news\/index.php?rest_route=%2Fwp%2Fv2%2Fcategories&post=16515"},{"taxonomy":"post_tag","embeddable":true,"href":"https:\/\/agromt.news\/index.php?rest_route=%2Fwp%2Fv2%2Ftags&post=16515"}],"curies":[{"name":"wp","href":"https:\/\/api.w.org\/{rel}","templated":true}]}}