{"id":16504,"date":"2025-07-10T12:28:58","date_gmt":"2025-07-10T16:28:58","guid":{"rendered":"https:\/\/agromt.news\/?p=16504"},"modified":"2025-07-10T12:28:58","modified_gmt":"2025-07-10T16:28:58","slug":"um-icone-que-celebra-o-sabor-da-agricultura","status":"publish","type":"post","link":"https:\/\/agromt.news\/?p=16504","title":{"rendered":"um \u00edcone que celebra o sabor da agricultura"},"content":{"rendered":"<p> <br \/>\n<\/p>\n<div>\n<p>Muita gente ama pizza. Mas j\u00e1 parou para pensar que cada peda\u00e7o de pizza carrega uma cadeia produtiva agr\u00edcola cheia de hist\u00f3ria?\u00a0Hoje, quinta-feira (10), \u00e9 o <a href=\"https:\/\/www.canalrural.com.br\/agricultura\/azeite-mineiro-que-ganhou-premio-na-espanha-sai-do-olival-mais-alto-do-brasil\/\">Dia da Pizza <\/a>e, com isso, por tr\u00e1s de cada ingrediente h\u00e1 agricultores fazendo a conex\u00e3o entre o campo e a cidade.\u00a0<\/p>\n<figure class=\"wp-block-image size-full is-resized\"><img fetchpriority=\"high\" decoding=\"async\" width=\"851\" height=\"475\" src=\"https:\/\/agromt.news\/wp-content\/uploads\/2025\/07\/um-icone-que-celebra-o-sabor-da-agricultura.png\" alt=\"\" class=\"wp-image-4109724\" style=\"width:513px;height:auto\"  \/><figcaption class=\"wp-element-caption\">Jo\u00e3o Machado, produtor de tomate, no Paran\u00e1. Foto: Divulga\u00e7\u00e3o | Canal Rural <\/figcaption><\/figure>\n<p>No Paran\u00e1, por exemplo, o produtor rural Jo\u00e3o Machado cultiva mais de tr\u00eas alqueires de tomate. Parte da produ\u00e7\u00e3o \u00e9 convencional, mas foi no cultivo org\u00e2nico que ele enxergou a oportunidade de crescer. Com apoio t\u00e9cnico especializado do <a href=\"https:\/\/pr.agenciasebrae.com.br\/\">Sebrae\/PR<\/a>  , conquistou a certifica\u00e7\u00e3o da lavoura e abriu novos caminhos no mercado.<\/p>\n<p>\u201cA certifica\u00e7\u00e3o de org\u00e2nico foi muito importante para mim, porque agrega valor ao nosso trabalho\u201d, diz Machado. Ele integra uma nova gera\u00e7\u00e3o de agricultores que investem em qualidade, rastreabilidade e sustentabilidade.<\/p>\n<ul class=\"wp-block-list\">\n<li><em>Participe do Porteira Aberta Empreender: envie perguntas, sugest\u00f5es e conte sua hist\u00f3ria de empreendedorismo pelo\u00a0<\/em><a href=\"https:\/\/api.whatsapp.com\/send?phone=5511932796720&amp;PorteiraAbertaEmpreender=SuaMensagem\"><strong>WhatsApp<\/strong><\/a><\/li>\n<\/ul>\n<h2 class=\"wp-block-heading\" id=\"h-do-pasto-ao-forno-o-leite-vira-queijo\">Do pasto ao forno: o leite vira queijo<\/h2>\n<p>E o queijo? Sem ele, nenhuma pizza seria completa. Em Sete Barras, interior de S\u00e3o Paulo, Pedro Paulo Assef Delgado, da fazenda Santa Helena, iniciou em 1997 a cria\u00e7\u00e3o de b\u00fafalas e, consequentemente, a produ\u00e7\u00e3o de <a href=\"https:\/\/www.canalrural.com.br\/agricultura\/queijo-cremoso-sem-leite-embrapa-cria-nova-alternativa\/\">queijos<\/a> tempos depois.<\/p>\n<p>\u201cA gente trabalha com o pr\u00f3prio leite. O leite nasce no curral e n\u00e3o na queijaria. De um leite bom, voc\u00ea faz um queijo bom, mas de um leite ruim, voc\u00ea n\u00e3o faz um queijo bom\u201d, afirma Delgado, que uniu for\u00e7as com os filhos \u2014 hoje parceiros no setor, inovando e agregando valor \u00e0 produ\u00e7\u00e3o leiteira.<\/p>\n<\/div>\n<div>\n<figure class=\"wp-block-image size-full is-resized\"><img decoding=\"async\" width=\"695\" height=\"411\" src=\"https:\/\/agromt.news\/wp-content\/uploads\/2025\/07\/1752164938_605_um-icone-que-celebra-o-sabor-da-agricultura.png\" alt=\"\" class=\"wp-image-4109725\" style=\"width:531px;height:auto\"  \/><figcaption class=\"wp-element-caption\">Helo\u00edsa de F\u00e1tima da Silva Campos, produtora rural. Foto: Divulga\u00e7\u00e3o | Canal Rural <\/figcaption><\/figure>\n<p>Uma das produtoras rurais que garante alho e cebola de qualidade para os estados de S\u00e3o Paulo, Santa Catarina, Rio Grande do Sul, Rio de Janeiro e Curitiba, vem de Congonhinhas, no Paran\u00e1: Helo\u00edsa de F\u00e1tima da Silva Campos. <\/p>\n<p>H\u00e1 anos, ela e o marido atuam como agricultores e trabalham com cultivos diversificados, respeitando o tempo da terra e apostando em pr\u00e1ticas sustent\u00e1veis. \u201cPara n\u00f3s, ajudar a manter e a plantar com sustentabilidade \u00e9 muito importante para os meus filhos e para a gera\u00e7\u00e3o futura.\u201d<\/p>\n<h2 class=\"wp-block-heading\" id=\"h-pizza-como-conexao-entre-o-campo-e-a-cidade\"><strong>Pizza como conex\u00e3o entre o campo e a cidade<\/strong><\/h2>\n<p>A pizza \u00e9 um prato que re\u00fane pessoas. Mas tamb\u00e9m \u00e9 resultado de um esfor\u00e7o coletivo de milhares de fam\u00edlias do campo. <\/p>\n<p>E para quem pensa em entrar neste segmento de pizzarias, e se tornar um empreendedor,  Helena Andrade,\u00a0 analista de neg\u00f3cios do <strong><a href=\"https:\/\/sp.agenciasebrae.com.br\/\">Sebrae\/SP <\/a><\/strong>explica que \u00e9 um setor competitivo. <\/p>\n<p>\u201c\u00c9 necess\u00e1rio fazer uma pesquisa de mercado \u2013 para entender as necessidades do p\u00fablico-alvo -, analisar a concorr\u00eancia na regi\u00e3o \u2013 onde se pretende abrir a empresa e,  fazer um plano de neg\u00f3cios, [estes itens] trazem maior seguran\u00e7a e minimiza os riscos de insucesso da opera\u00e7\u00e3o.\u201d\u00a0<\/p>\n<p>Por isso, celebrar o <strong>Dia da Pizza<\/strong> tamb\u00e9m \u00e9 valorizar a agricultura familiar, pequenos produtores rurais, agroind\u00fastrias, transportadoras, distribuidoras, empreendedores e  pizzaiolos. Afinal, o sabor que chega \u00e0 sua mesa come\u00e7ou bem longe \u2014 com algu\u00e9m que planta, colhe e transforma.<\/p>\n<\/p><\/div>\n<p><br \/>\n<br \/><a href=\"https:\/\/www.canalrural.com.br\/empreendedorismo\/pizza-um-icone-que-celebra-o-sabor-da-agricultura\/\">Source link <\/a><\/p>\n","protected":false},"excerpt":{"rendered":"<p>Muita gente ama pizza. Mas j\u00e1 parou para pensar que cada peda\u00e7o de pizza carrega uma cadeia produtiva agr\u00edcola cheia<\/p>\n","protected":false},"author":1,"featured_media":16505,"comment_status":"open","ping_status":"open","sticky":false,"template":"","format":"standard","meta":{"_monsterinsights_skip_tracking":false,"_monsterinsights_sitenote_active":false,"_monsterinsights_sitenote_note":"","_monsterinsights_sitenote_category":0,"_uf_show_specific_survey":0,"_uf_disable_surveys":false,"footnotes":""},"categories":[1],"tags":[],"class_list":["post-16504","post","type-post","status-publish","format-standard","has-post-thumbnail","hentry","category-news"],"_links":{"self":[{"href":"https:\/\/agromt.news\/index.php?rest_route=\/wp\/v2\/posts\/16504"}],"collection":[{"href":"https:\/\/agromt.news\/index.php?rest_route=\/wp\/v2\/posts"}],"about":[{"href":"https:\/\/agromt.news\/index.php?rest_route=\/wp\/v2\/types\/post"}],"author":[{"embeddable":true,"href":"https:\/\/agromt.news\/index.php?rest_route=\/wp\/v2\/users\/1"}],"replies":[{"embeddable":true,"href":"https:\/\/agromt.news\/index.php?rest_route=%2Fwp%2Fv2%2Fcomments&post=16504"}],"version-history":[{"count":0,"href":"https:\/\/agromt.news\/index.php?rest_route=\/wp\/v2\/posts\/16504\/revisions"}],"wp:featuredmedia":[{"embeddable":true,"href":"https:\/\/agromt.news\/index.php?rest_route=\/wp\/v2\/media\/16505"}],"wp:attachment":[{"href":"https:\/\/agromt.news\/index.php?rest_route=%2Fwp%2Fv2%2Fmedia&parent=16504"}],"wp:term":[{"taxonomy":"category","embeddable":true,"href":"https:\/\/agromt.news\/index.php?rest_route=%2Fwp%2Fv2%2Fcategories&post=16504"},{"taxonomy":"post_tag","embeddable":true,"href":"https:\/\/agromt.news\/index.php?rest_route=%2Fwp%2Fv2%2Ftags&post=16504"}],"curies":[{"name":"wp","href":"https:\/\/api.w.org\/{rel}","templated":true}]}}