{"id":16499,"date":"2025-07-10T11:46:57","date_gmt":"2025-07-10T15:46:57","guid":{"rendered":"https:\/\/agromt.news\/?p=16499"},"modified":"2025-07-10T11:46:57","modified_gmt":"2025-07-10T15:46:57","slug":"inflacao-de-junho-registra-alta-de-024","status":"publish","type":"post","link":"https:\/\/agromt.news\/?p=16499","title":{"rendered":"Infla\u00e7\u00e3o de junho registra alta de 0,24%"},"content":{"rendered":"<p> <br \/>\n<br \/><img decoding=\"async\" src=\"https:\/\/agromt.news\/wp-content\/uploads\/2025\/02\/Governo-avalia-zerar-imposto-de-importacao-do-trigo-e-do.jpeg\" \/><\/p>\n<div>\n<p>O m\u00eas de junho foi marcado pela primeira queda no pre\u00e7o dos alimentos depois de 9 meses, o que ajudou a infla\u00e7\u00e3o oficial perder for\u00e7a pelo quarto m\u00eas seguido, fechando junho em 0,24%.<\/p>\n<p>No entanto, a bandeira vermelha na conta de energia el\u00e9trica fez a conta de luz subir e ser o subitem que mais pressionou o \u00cdndice Nacional de Pre\u00e7os ao Consumidor Amplo (IPCA), divulgado nesta quinta-feira (10) pelo Instituto Brasileiro de Geografia e Estat\u00edstica (IBGE).<\/p>\n<p>Em junho do ano passado, a infla\u00e7\u00e3o oficial havia sido de 0,21%. Desde fevereiro de 2025, quando marcou 1,31%, o IPCA perdeu for\u00e7a seguidamente nos meses de mar\u00e7o (0,56%), abril (0,43%), maio (0,26%) e junho (0,24%).<\/p>\n<p><em>Veja em primeira m\u00e3o tudo sobre agricultura, pecu\u00e1ria, economia e previs\u00e3o do tempo:\u00a0<a href=\"https:\/\/news.google.com\/publications\/CAAqLQgKIidDQklTRndnTWFoTUtFV05oYm1Gc2NuVnlZV3d1WTI5dExtSnlLQUFQAQ?hl=pt-BR&amp;gl=BR&amp;ceid=BR:pt-419\">siga o Canal Rural no Google News!<\/a><\/em><\/p>\n<p>Apesar da sequ\u00eancia de meses de desacelera\u00e7\u00e3o, ou seja, com infla\u00e7\u00e3o cada vez menor, o IPCA acumulado de 12 meses alcan\u00e7ou 5,35%, ficando pelo sexto m\u00eas seguido acima do teto da meta do governo, de at\u00e9 4,5%. Esse per\u00edodo de 6 meses acima de 4,5% configura estouro da meta. Em abril, esse acumulado obteve o ponto mais alto do ano, 5,53%.<\/p>\n<p>Dos nove grupos de pre\u00e7os apurados pelo IBGE, apenas um apresentou queda de pre\u00e7os, alimentos e bebidas (0,18%), representando peso de 0,04 ponto percentual (p.p.).<\/p>\n<p>Veja o comportamento dos grupos:<\/p>\n<p>\u00cdndice geral: 0,24% (0,24 p.p.)<br \/>Alimenta\u00e7\u00e3o e bebidas: -0,18% (-0,04 p.p.)<br \/>Habita\u00e7\u00e3o: 0,99% (0,15 p.p.)<br \/>Artigos de resid\u00eancia: 0,08% (0,00 p.p.)<br \/>Vestu\u00e1rio: 0,75% (0,04 p.p.)<br \/>Transportes: 0,27% (0,05 p.p.)<br \/>Sa\u00fade e cuidados pessoais: 0,07% (0,01 p.p.)<br \/>Despesas pessoais: 0,23% (0,02 p.p.)<br \/>Educa\u00e7\u00e3o: 0,00% (0,00 p.p.)<br \/>Comunica\u00e7\u00e3o: 0,11% (0,01 p.p.)<\/p>\n<h2 class=\"wp-block-heading\" id=\"h-alimentos\">Alimentos<br \/><\/h2>\n<p>Vil\u00e3o da infla\u00e7\u00e3o nos \u00faltimos meses, o grupo alimenta\u00e7\u00e3o foi influenciado pela alimenta\u00e7\u00e3o no domic\u00edlio, que saiu de 0,02% em maio para menos 0,43% em junho. Os subitens que mais puxaram para baixo o grupo foram ovo de galinha (-6,58%), arroz (-3,23%) e frutas (-2,22%).<\/p>\n<p>De acordo com o gerente do IPCA, Fernando Gon\u00e7alves, bons n\u00fameros da safra atual aumentaram a oferta de alimentos, o que explica a queda de pre\u00e7os.<\/p>\n<p>O caf\u00e9 subiu 0,56% em junho, bem abaixo de maio (4,59%) e acumula alta de 77,88% em 12 meses.<\/p>\n<\/div>\n<div>\n<p>J\u00e1 a alimenta\u00e7\u00e3o fora do domic\u00edlio desacelerou para 0,46% em junho, depois de ter marcado 0,58% em maio.<\/p>\n<h2 class=\"wp-block-heading\" id=\"h-conta-de-luz\">Conta de luz<br \/><\/h2>\n<p>O subitem que mais empurrou o IPCA para cima foi a energia el\u00e9trica, que subiu 2,96% no m\u00eas, representando impacto de 0,12 p.p. A explica\u00e7\u00e3o est\u00e1 principalmente na bandeira vermelha patamar 1, que acrescenta R$ 4,46 a cada 100 quilowatt hora consumidos.<br \/>A bandeira tarif\u00e1ria vermelha \u00e9 uma medida do governo no cen\u00e1rio de fim do per\u00edodo chuvoso. A previs\u00e3o de gera\u00e7\u00e3o de energia proveniente de hidrel\u00e9trica piorou, o que nos pr\u00f3ximos meses pode demandar maior acionamento de usinas termel\u00e9tricas, que fornecem energia mais cara.<\/p>\n<p>Al\u00e9m da altera\u00e7\u00e3o tarif\u00e1ria, o IBGE apurou reajuste nas contas de luz nas cidades de Belo Horizonte, Porto Alegre, Curitiba e Rio de Janeiro.<\/p>\n<p>De acordo com Fernando Gon\u00e7alves, \u201cse tir\u00e1ssemos a energia el\u00e9trica do c\u00e1lculo, o IPCA ficaria em 0,13%\u201d.<\/p>\n<h2 class=\"wp-block-heading\" id=\"h-transportes\">Transportes<br \/><\/h2>\n<p>O grupo dos transportes tamb\u00e9m teve alta relevante no m\u00eas (0,27% e impacto de 0,5 p.p). Dentro do grupo, os combust\u00edveis ca\u00edram no m\u00eas (0,42%), mas houve alta no transporte por aplicativo (13,77%).<\/p>\n<p>O \u00edndice de difus\u00e3o no m\u00eas foi de 54%, isso significa que dos 377 produtos e servi\u00e7os que tiveram os pre\u00e7os apurados, 54% tiveram alta de pre\u00e7o. Esse \u00e9 o menor patamar desde julho de 2024 (47%). Em abril, o \u00edndice chegou a 67%.<\/p>\n<h2 class=\"wp-block-heading\" id=\"h-inpc\">INPC<br \/><\/h2>\n<p>O IBGE divulgou tamb\u00e9m o \u00cdndice Nacional de Pre\u00e7os ao Consumidor (INPC), que ficou em 0,23% em junho e acumula 5,18% em 12 meses.<\/p>\n<p>A diferen\u00e7a entre os dois \u00edndices \u00e9 que o INPC apura a infla\u00e7\u00e3o para as fam\u00edlias com renda de at\u00e9 cinco sal\u00e1rios m\u00ednimos. J\u00e1 o IPCA, para lares com renda de at\u00e9 40 sal\u00e1rios m\u00ednimos. Atualmente o m\u00ednimo \u00e9 de R$ 1.518.<\/p>\n<p>O IBGE confere pesos diferentes aos grupos de pre\u00e7os pesquisados. No INPC, por exemplo, os alimentos representam 25% do \u00edndice, mais que no IPCA (21,86%), pois as fam\u00edlias de menor renda gastam proporcionalmente mais com comida. Na \u00f3tica inversa, o pre\u00e7o de passagem de avi\u00e3o pesa menos no INPC do que no IPCA.<\/p>\n<p>O INPC influencia diretamente a vida de muitos brasileiros, uma vez que o acumulado m\u00f3vel de 12 meses costuma ser utilizado para c\u00e1lculo do reajuste de sal\u00e1rios de diversas categorias ao longo do ano.<\/p>\n<\/p><\/div>\n<p><br \/>\n<br \/><a href=\"https:\/\/www.canalrural.com.br\/economia\/inflacao-de-junho-registra-alta-de-024\/\">Source link <\/a><\/p>\n","protected":false},"excerpt":{"rendered":"<p>O m\u00eas de junho foi marcado pela primeira queda no pre\u00e7o dos alimentos depois de 9 meses, o que ajudou<\/p>\n","protected":false},"author":1,"featured_media":10316,"comment_status":"open","ping_status":"open","sticky":false,"template":"","format":"standard","meta":{"_monsterinsights_skip_tracking":false,"_monsterinsights_sitenote_active":false,"_monsterinsights_sitenote_note":"","_monsterinsights_sitenote_category":0,"_uf_show_specific_survey":0,"_uf_disable_surveys":false,"footnotes":""},"categories":[1],"tags":[],"class_list":["post-16499","post","type-post","status-publish","format-standard","has-post-thumbnail","hentry","category-news"],"_links":{"self":[{"href":"https:\/\/agromt.news\/index.php?rest_route=\/wp\/v2\/posts\/16499"}],"collection":[{"href":"https:\/\/agromt.news\/index.php?rest_route=\/wp\/v2\/posts"}],"about":[{"href":"https:\/\/agromt.news\/index.php?rest_route=\/wp\/v2\/types\/post"}],"author":[{"embeddable":true,"href":"https:\/\/agromt.news\/index.php?rest_route=\/wp\/v2\/users\/1"}],"replies":[{"embeddable":true,"href":"https:\/\/agromt.news\/index.php?rest_route=%2Fwp%2Fv2%2Fcomments&post=16499"}],"version-history":[{"count":0,"href":"https:\/\/agromt.news\/index.php?rest_route=\/wp\/v2\/posts\/16499\/revisions"}],"wp:featuredmedia":[{"embeddable":true,"href":"https:\/\/agromt.news\/index.php?rest_route=\/wp\/v2\/media\/10316"}],"wp:attachment":[{"href":"https:\/\/agromt.news\/index.php?rest_route=%2Fwp%2Fv2%2Fmedia&parent=16499"}],"wp:term":[{"taxonomy":"category","embeddable":true,"href":"https:\/\/agromt.news\/index.php?rest_route=%2Fwp%2Fv2%2Fcategories&post=16499"},{"taxonomy":"post_tag","embeddable":true,"href":"https:\/\/agromt.news\/index.php?rest_route=%2Fwp%2Fv2%2Ftags&post=16499"}],"curies":[{"name":"wp","href":"https:\/\/api.w.org\/{rel}","templated":true}]}}