{"id":16497,"date":"2025-07-10T11:33:15","date_gmt":"2025-07-10T15:33:15","guid":{"rendered":"https:\/\/agromt.news\/?p=16497"},"modified":"2025-07-10T11:33:15","modified_gmt":"2025-07-10T15:33:15","slug":"menor-demanda-pressiona-as-cotacoes-do-pescado","status":"publish","type":"post","link":"https:\/\/agromt.news\/?p=16497","title":{"rendered":"menor demanda pressiona as cota\u00e7\u00f5es do pescado"},"content":{"rendered":"<p> <br \/>\n<br \/><img decoding=\"async\" src=\"https:\/\/agromt.news\/wp-content\/uploads\/2025\/03\/tilapia.jpg\" \/><\/p>\n<div>\n<p>Os pre\u00e7os da til\u00e1pia ca\u00edram em junho em todas as regi\u00f5es acompanhadas, como j\u00e1 era esperado pelo setor. Isso de acordo com os dados do <a href=\"https:\/\/www.canalrural.com.br\/tag\/cepea\/\">Centro de Estudos Avan\u00e7ados em Economia Aplicada (Cepea)<\/a>.\u00a0\u00a0<\/p>\n<p>Segundo o centro de pesquisas, a retra\u00e7\u00e3o esteve atrelada \u00e0 menor demanda no mercado interno, comportamento\u00a0 t\u00edpico durante o inverno, quando o consumo de pescado tende a diminuir.\u00a0<\/p>\n<p>Agentes consultados pelo Cepea relatam que ind\u00fastrias reduziram o ritmo de abate e de compra de til\u00e1pia, reflexo direto da queda na procura por parte de redes varejistas, centrais de abastecimento (Ceasas) e estabelecimentos de food service, como bares e restaurantes.\u00a0<\/p>\n<\/div>\n<div>\n<p>Quanto \u00e0s exporta\u00e7\u00f5es brasileiras de til\u00e1pia, o volume embarcado em junho caiu pelo terceiro m\u00eas seguido. Foram 1.288 toneladas, baixas de 9,3% em rela\u00e7\u00e3o a maio e de 9,7% frente a junho\/24, conforme dados da Secex analisados pelo Cepea.\u00a0<\/p>\n<p>J\u00e1 no acumulado do semestre deste ano, as 8.752 toneladas exportadas superam em expressivos 40,2% a quantidade enviada em igual intervalo de 2024.<\/p>\n<p><em>*Sob supervis\u00e3o de Luis Roberto Toledo<\/em><\/p>\n<\/p><\/div>\n<p><br \/>\n<br \/><a href=\"https:\/\/www.canalrural.com.br\/aves-e-suinos\/tilapia-menor-demanda-pressiona-as-cotacoes-do-pescado\/\">Source link <\/a><\/p>\n","protected":false},"excerpt":{"rendered":"<p>Os pre\u00e7os da til\u00e1pia ca\u00edram em junho em todas as regi\u00f5es acompanhadas, como j\u00e1 era esperado pelo setor. Isso de<\/p>\n","protected":false},"author":1,"featured_media":16498,"comment_status":"open","ping_status":"open","sticky":false,"template":"","format":"standard","meta":{"_monsterinsights_skip_tracking":false,"_monsterinsights_sitenote_active":false,"_monsterinsights_sitenote_note":"","_monsterinsights_sitenote_category":0,"_uf_show_specific_survey":0,"_uf_disable_surveys":false,"footnotes":""},"categories":[1],"tags":[],"class_list":["post-16497","post","type-post","status-publish","format-standard","has-post-thumbnail","hentry","category-news"],"_links":{"self":[{"href":"https:\/\/agromt.news\/index.php?rest_route=\/wp\/v2\/posts\/16497"}],"collection":[{"href":"https:\/\/agromt.news\/index.php?rest_route=\/wp\/v2\/posts"}],"about":[{"href":"https:\/\/agromt.news\/index.php?rest_route=\/wp\/v2\/types\/post"}],"author":[{"embeddable":true,"href":"https:\/\/agromt.news\/index.php?rest_route=\/wp\/v2\/users\/1"}],"replies":[{"embeddable":true,"href":"https:\/\/agromt.news\/index.php?rest_route=%2Fwp%2Fv2%2Fcomments&post=16497"}],"version-history":[{"count":0,"href":"https:\/\/agromt.news\/index.php?rest_route=\/wp\/v2\/posts\/16497\/revisions"}],"wp:featuredmedia":[{"embeddable":true,"href":"https:\/\/agromt.news\/index.php?rest_route=\/wp\/v2\/media\/16498"}],"wp:attachment":[{"href":"https:\/\/agromt.news\/index.php?rest_route=%2Fwp%2Fv2%2Fmedia&parent=16497"}],"wp:term":[{"taxonomy":"category","embeddable":true,"href":"https:\/\/agromt.news\/index.php?rest_route=%2Fwp%2Fv2%2Fcategories&post=16497"},{"taxonomy":"post_tag","embeddable":true,"href":"https:\/\/agromt.news\/index.php?rest_route=%2Fwp%2Fv2%2Ftags&post=16497"}],"curies":[{"name":"wp","href":"https:\/\/api.w.org\/{rel}","templated":true}]}}