{"id":16492,"date":"2025-07-10T10:56:59","date_gmt":"2025-07-10T14:56:59","guid":{"rendered":"https:\/\/agromt.news\/?p=16492"},"modified":"2025-07-10T10:56:59","modified_gmt":"2025-07-10T14:56:59","slug":"qualidade-do-algodao-preocupa-com-clima-adverso-e-colheita-lenta","status":"publish","type":"post","link":"https:\/\/agromt.news\/?p=16492","title":{"rendered":"Qualidade do algod\u00e3o preocupa com clima adverso e colheita lenta"},"content":{"rendered":"<p> <br \/>\n<\/p>\n<div>\n<div class=\"row\">\n<div class=\"col-lg col-infos mt-0 mt-lg-0\">\n<div class=\"section-sub-title\">\n<p itemprop=\"description\">&#13;<br \/>\n                                Pre\u00e7o atinge menor valor desde novembro&#13;\n                            <\/p>\n<\/p><\/div>\n<div class=\"container\">\n<div class=\"row\">\n<div class=\"col-lg p-0\">\n<div>\n<div class=\"block-news-main-infos mt-3 text-start\">\n<p>                                            <strong class=\"fn\" itemprop=\"author\" style=\"color: rgb(112, 112, 112); \">&#13;<br \/>\n                                                <a href=\"https:\/\/www.agrolink.com.br\/noticias\/javascript:;\" class=\"text-uppercase\" target=\"_blank\" style=\"color: rgb(112, 112, 112); \" rel=\"noopener\">Agrolink<\/a>&#13;<br \/>\n&#13;<br \/>\n                                                    &#8211; Aline Merladete&#13;<br \/>\n&#13;<br \/>\n                                            <\/strong><br \/>\n                                        <\/p>\n<p>                                            <abbr><time datetime=\"2025-07-09T11:21\" itemprop=\"datePublished dateModified\">Publicado em 09\/07\/2025 \u00e0s 11:21h.<\/time><\/abbr><br \/>\n                                            <\/p><\/div>\n<\/p><\/div>\n<\/p><\/div>\n<div class=\"col-lg p-0 text-lg-end\">\n<div>\n<div id=\"mdEnviarPagina\" class=\"modal fade\" role=\"dialog\">\n<div class=\"modal-dialog\">\n<div class=\"modal-content\">\n<div class=\"modal-body\">\n<p><strong>Estimado usu\u00e1rio.<\/strong><br \/>Preencha o formul\u00e1rio abaixo para remeter a p\u00e1gina.<\/p>\n<\/p><\/div>\n<\/p><\/div>\n<\/p><\/div>\n<\/div><\/div>\n<\/p><\/div>\n<\/p><\/div>\n<\/p><\/div>\n<\/p><\/div>\n<\/p><\/div>\n<div class=\"row justify-content-md-center mt-3\">\n<div class=\"col-lg-auto col-image block-news-main-image\">\n<p>                                <img decoding=\"async\" src=\"https:\/\/www.agrolink.com.br\/upload\/imagens-resizes\/baff80a8801f4d3696756c611614234e_858x483.jpg\" class=\"lazyload img-fluid\"\/><br \/>\n                                                <span class=\"publicity-photo d-block mt-1\">Foto: Canva<\/span><\/p><\/div>\n<\/p><\/div>\n<div class=\"section-description section-description-noticias mt-3\">\n<p style=\"text-align:justify\">A colheita do <a href=\"https:\/\/www.agrolink.com.br\/culturas\/algodao\/\" target=\"_blank\" rel=\"noopener\">algod\u00e3o<\/a> da safra 2024\/25 est\u00e1 enfrentando atrasos devido \u00e0s chuvas fora de \u00e9poca e \u00e0s temperaturas mais baixas em importantes regi\u00f5es produtoras. As condi\u00e7\u00f5es clim\u00e1ticas desfavor\u00e1veis podem ainda comprometer a qualidade da pluma, gerando apreens\u00e3o entre agentes do setor.&#13;\n<\/p>\n<p style=\"text-align:justify\">Segundo dados do Cepea (Centro de Estudos Avan\u00e7ados em Economia Aplicada), at\u00e9 o dia 5 de julho, apenas 7,3% da \u00e1rea plantada no Brasil havia sido colhida, \u00edndice inferior \u00e0 m\u00e9dia de 12% dos \u00faltimos cinco anos, conforme informa\u00e7\u00f5es da Conab. A lentid\u00e3o nas atividades de campo tem impacto direto na din\u00e2mica do mercado, que j\u00e1 demonstra sinais de enfraquecimento nos pre\u00e7os.<\/p>\n<p style=\"text-align:justify\">Enquanto vendedores demonstram interesse em liquidar os volumes remanescentes da temporada 2023\/24 e honrar contratos previamente firmados, compradores seguem cautelosos. As negocia\u00e7\u00f5es t\u00eam esbarrado em impasses relacionados \u00e0 qualidade do algod\u00e3o e aos valores ofertados, que est\u00e3o abaixo das expectativas dos vendedores, influenciados pelas quedas nas cota\u00e7\u00f5es internacionais.&#13;\n<\/p>\n<p style=\"text-align:justify\">Nos sete primeiros dias de julho, o Indicador CEPEA\/ESALQ, com pagamento em oito dias, registrou m\u00e9dia de R$ 4,1127 por libra-peso, o menor valor nominal desde novembro de 2024. A retra\u00e7\u00e3o dos pre\u00e7os refor\u00e7a o ambiente de incerteza no setor, que aguarda melhorias nas condi\u00e7\u00f5es clim\u00e1ticas para retomar o ritmo da colheita.<\/p>\n<p style=\"text-align:justify\">Al\u00e9m das preocupa\u00e7\u00f5es com a qualidade da fibra, h\u00e1 um receio crescente de que os volumes colhidos em clima \u00famido possam enfrentar maiores exig\u00eancias nos padr\u00f5es de comercializa\u00e7\u00e3o. Isso tem levado parte dos compradores a adotar postura mais conservadora nas compras, aguardando defini\u00e7\u00f5es mais claras sobre a oferta dispon\u00edvel.&#13;\n<\/p>\n<p style=\"text-align:justify\">\u00a0<\/p>\n<\/p><\/div>\n<\/p><\/div>\n<p><script data-cfasync=\"false\">\n    !function (f, b, e, v, n, t, s) {\n        if (f.fbq) return; n = f.fbq = function () {\n            n.callMethod ?\n                n.callMethod.apply(n, arguments) : n.queue.push(arguments)\n        };\n        if (!f._fbq) f._fbq = n; n.push = n; n.loaded = !0; n.version = '2.0';\n        n.queue = []; t = b.createElement(e); t.async = !0;\n        t.src = v; s = b.getElementsByTagName(e)[0];\n        s.parentNode.insertBefore(t, s)\n    }(window, document, 'script',\n        'https:\/\/connect.facebook.net\/en_US\/fbevents.js');\n    fbq('init', '522546078623747');\n    fbq('track', 'PageView');\n<\/script><br \/>\n<br \/><br \/>\n<br \/><a href=\"https:\/\/www.agrolink.com.br\/noticias\/qualidade-do-algodao-preocupa-com-clima-adverso-e-colheita-lenta_503731.html\">Source link <\/a><\/p>\n","protected":false},"excerpt":{"rendered":"<p>&#13; Pre\u00e7o atinge menor valor desde novembro&#13; &#13; Agrolink&#13; &#13; &#8211; Aline Merladete&#13; &#13; Publicado em 09\/07\/2025 \u00e0s 11:21h. Estimado<\/p>\n","protected":false},"author":1,"featured_media":3129,"comment_status":"open","ping_status":"open","sticky":false,"template":"","format":"standard","meta":{"_monsterinsights_skip_tracking":false,"_monsterinsights_sitenote_active":false,"_monsterinsights_sitenote_note":"","_monsterinsights_sitenote_category":0,"_uf_show_specific_survey":0,"_uf_disable_surveys":false,"footnotes":""},"categories":[8,1,14],"tags":[],"class_list":["post-16492","post","type-post","status-publish","format-standard","has-post-thumbnail","hentry","category-agro","category-news","category-politica-agro"],"_links":{"self":[{"href":"https:\/\/agromt.news\/index.php?rest_route=\/wp\/v2\/posts\/16492"}],"collection":[{"href":"https:\/\/agromt.news\/index.php?rest_route=\/wp\/v2\/posts"}],"about":[{"href":"https:\/\/agromt.news\/index.php?rest_route=\/wp\/v2\/types\/post"}],"author":[{"embeddable":true,"href":"https:\/\/agromt.news\/index.php?rest_route=\/wp\/v2\/users\/1"}],"replies":[{"embeddable":true,"href":"https:\/\/agromt.news\/index.php?rest_route=%2Fwp%2Fv2%2Fcomments&post=16492"}],"version-history":[{"count":0,"href":"https:\/\/agromt.news\/index.php?rest_route=\/wp\/v2\/posts\/16492\/revisions"}],"wp:featuredmedia":[{"embeddable":true,"href":"https:\/\/agromt.news\/index.php?rest_route=\/wp\/v2\/media\/3129"}],"wp:attachment":[{"href":"https:\/\/agromt.news\/index.php?rest_route=%2Fwp%2Fv2%2Fmedia&parent=16492"}],"wp:term":[{"taxonomy":"category","embeddable":true,"href":"https:\/\/agromt.news\/index.php?rest_route=%2Fwp%2Fv2%2Fcategories&post=16492"},{"taxonomy":"post_tag","embeddable":true,"href":"https:\/\/agromt.news\/index.php?rest_route=%2Fwp%2Fv2%2Ftags&post=16492"}],"curies":[{"name":"wp","href":"https:\/\/api.w.org\/{rel}","templated":true}]}}